{"id":14392,"date":"2017-04-02T19:07:07","date_gmt":"2017-04-02T22:07:07","guid":{"rendered":"http:\/\/www.maisbn.com\/portal\/?p=14392"},"modified":"2017-04-02T19:07:28","modified_gmt":"2017-04-02T22:07:28","slug":"deputado-janio-natal-lamente-e-solidariza-se-a-familia-de-luis-guimaraes","status":"publish","type":"post","link":"https:\/\/www.maisbn.com\/portal\/2017\/04\/deputado-janio-natal-lamente-e-solidariza-se-a-familia-de-luis-guimaraes\/","title":{"rendered":"Deputado J\u00e2nio Natal lamenta e solidariza-se \u00e0 fam\u00edlia de Luis Guimaraes"},"content":{"rendered":"<p><a href=\"http:\/\/www.maisbn.com\/portal\/wp-content\/uploads\/2015\/06\/janio-700x448.jpg\"><img loading=\"lazy\" decoding=\"async\" class=\"aligncenter size-full wp-image-8072\" src=\"http:\/\/www.maisbn.com\/portal\/wp-content\/uploads\/2015\/06\/janio-700x448.jpg\" alt=\"janio-700x448\" width=\"700\" height=\"448\" \/><\/a><\/p>\n<p>O Deputado Estadual J\u00e2nio Natal se solidarizou com a fam\u00edlia do ex-prefeito Luis Guimar\u00e3es e lamentou a perda de uma personalidade que deixou um lindo legado para a cidade de Belmonte. Para externar a sua consterna\u00e7\u00e3o J\u00e2nio Natal emitiu uma nota \u00e0 imprensa que est\u00e1 reproduzida na \u00edntegra logo abaixo:<\/p>\n<p><strong><em>&#8220;Belmonte est\u00e1 de luto, pelo falecimento, aos 80 anos, de Luis Carlos Monteiro Guimar\u00e3es, de fam\u00edlia tradicional da cidade e prefeito do munic\u00edpio por duas vezes. Muitas vezes estivemos de lados opostos da pol\u00edtica, mas sempre nos respeitamos mutuamente, sabendo que ambos quer\u00edamos o melhor para nossa terra e nossa gente.<\/em><\/strong><\/p>\n<p><strong><em>Gostaria de estar presente ao sepultamento, mas infelizmente, no hor\u00e1rio marcado estarei realizando um procedimento cir\u00fargico. Coloco-me \u00e0 disposi\u00e7\u00e3o da fam\u00edlia enlutada e trago o meu abra\u00e7o de solidariedade; estarei orando pelo seu esp\u00edrito para que Deus reserve no c\u00e9u um cantinho muito especial para ele. Deixar\u00e1 muitas saudades em todos n\u00f3s, que amamos Belmonte.&#8221;<\/em><\/strong><\/p>\n","protected":false},"excerpt":{"rendered":"<p>O Deputado Estadual J\u00e2nio Natal se solidarizou com a fam\u00edlia do ex-prefeito Luis Guimar\u00e3es e lamentou a perda de uma personalidade que deixou um lindo legado para a cidade de Belmonte. Para externar a sua consterna\u00e7\u00e3o J\u00e2nio Natal emitiu uma nota \u00e0 imprensa que est\u00e1 reproduzida na \u00edntegra logo abaixo: &#8220;Belmonte est\u00e1 de luto, pelo [&hellip;]<\/p>\n","protected":false},"author":7,"featured_media":8072,"comment_status":"open","ping_status":"open","sticky":false,"template":"","format":"standard","meta":{"footnotes":""},"categories":[45,1],"tags":[108],"class_list":["post-14392","post","type-post","status-publish","format-standard","has-post-thumbnail","hentry","category-cidades","category-noticias","tag-belmonte"],"_links":{"self":[{"href":"https:\/\/www.maisbn.com\/portal\/wp-json\/wp\/v2\/posts\/14392","targetHints":{"allow":["GET"]}}],"collection":[{"href":"https:\/\/www.maisbn.com\/portal\/wp-json\/wp\/v2\/posts"}],"about":[{"href":"https:\/\/www.maisbn.com\/portal\/wp-json\/wp\/v2\/types\/post"}],"author":[{"embeddable":true,"href":"https:\/\/www.maisbn.com\/portal\/wp-json\/wp\/v2\/users\/7"}],"replies":[{"embeddable":true,"href":"https:\/\/www.maisbn.com\/portal\/wp-json\/wp\/v2\/comments?post=14392"}],"version-history":[{"count":4,"href":"https:\/\/www.maisbn.com\/portal\/wp-json\/wp\/v2\/posts\/14392\/revisions"}],"predecessor-version":[{"id":14404,"href":"https:\/\/www.maisbn.com\/portal\/wp-json\/wp\/v2\/posts\/14392\/revisions\/14404"}],"wp:featuredmedia":[{"embeddable":true,"href":"https:\/\/www.maisbn.com\/portal\/wp-json\/wp\/v2\/media\/8072"}],"wp:attachment":[{"href":"https:\/\/www.maisbn.com\/portal\/wp-json\/wp\/v2\/media?parent=14392"}],"wp:term":[{"taxonomy":"category","embeddable":true,"href":"https:\/\/www.maisbn.com\/portal\/wp-json\/wp\/v2\/categories?post=14392"},{"taxonomy":"post_tag","embeddable":true,"href":"https:\/\/www.maisbn.com\/portal\/wp-json\/wp\/v2\/tags?post=14392"}],"curies":[{"name":"wp","href":"https:\/\/api.w.org\/{rel}","templated":true}]}}