{"id":14385,"date":"2017-04-01T10:11:16","date_gmt":"2017-04-01T13:11:16","guid":{"rendered":"http:\/\/www.maisbn.com\/portal\/?p=14385"},"modified":"2017-04-01T10:11:16","modified_gmt":"2017-04-01T13:11:16","slug":"atletas-da-academia-ao-combate-representarao-belmonte-no-campeonato-baiano-de-jiu-jitsu","status":"publish","type":"post","link":"https:\/\/www.maisbn.com\/portal\/2017\/04\/atletas-da-academia-ao-combate-representarao-belmonte-no-campeonato-baiano-de-jiu-jitsu\/","title":{"rendered":"Atletas da Academia Ao Combate representar\u00e3o Belmonte no Campeonato Baiano de Jiu-j\u00edtsu."},"content":{"rendered":"<div id=\"attachment_12558\" style=\"width: 660px\" class=\"wp-caption aligncenter\"><a href=\"http:\/\/www.maisbn.com\/portal\/wp-content\/uploads\/2016\/09\/jiujitsubelmontense00003.jpg\"><img loading=\"lazy\" decoding=\"async\" aria-describedby=\"caption-attachment-12558\" class=\"size-full wp-image-12558\" src=\"http:\/\/www.maisbn.com\/portal\/wp-content\/uploads\/2016\/09\/jiujitsubelmontense00003.jpg\" alt=\"Foto Ilustrativa\" width=\"650\" height=\"412\" \/><\/a><p id=\"caption-attachment-12558\" class=\"wp-caption-text\"><em><strong>Foto Ilustrativa<\/strong><\/em><\/p><\/div>\n<p>Nesse s\u00e1bado (01\/04) os atletas da Academia Ao Combate de Jiu-j\u00edtsu viajaram para Salvador no intuito de representar Belmonte na 1\u00aa Etapa do Campeonato Baiano de Jiu-j\u00edtsu. Os atletas belmontenses na edi\u00e7\u00e3o passada tiveram um bom rendimento e o Professor Hermes Andrade comentou com nossa equipe que a delega\u00e7\u00e3o esse ano est\u00e1 bem focada, que os treinamentos foram incans\u00e1veis com o intuito de alcan\u00e7ar uma \u00f3tima performance. &#8220;Estamos indo preparados porque l\u00e9 estar\u00e3o os melhores da Bahia. Esperamos fazer uma boa apresenta\u00e7\u00e3o do Jiu-j\u00edtsu belmontense e conseguir \u00f3timos resultados.&#8221; &#8211; Finalizou o Professor Hermes Andrade. Os atletas que fazem parte da delega\u00e7\u00e3o que representar\u00e1 Belmonte na competi\u00e7\u00e3o s\u00e3o: Hermes Andrade, Yuri Aguiar, Adalberto Castro, Rodrigo Oliveira, Lucas Santos e Victor Veloso.<\/p>\n<p>A Academia Ao Combate ainda aproveitou para dar um gradecimento \u00e0 Prefeitura municipal de Belmonte, ao Prefeito Janival, a Secretario de Esporte Herculano Assis. Aos PATROCINADORES:Posto Riomar, Academia Papau Fitness, A\u00e7ougue Bom Pre\u00e7o, Tatu Tend Tudo, Farm\u00e1cia Virg\u00ednia,\u00a0 Leo Bike, Luna Hortifruti,Cons. Odont. Dr Rodrigo Paternostro, Novo Point da Cerveja, Ronaldo do G\u00e1s, S\u00e3o Lucas Laborat\u00f3rios, Loj\u00e3o do 10, Frutatlan, Distribuidora de bebidas S\u00e3o Jorge, Jr. Abatedouro, Silveira Mat. de Constru\u00e7\u00e3o, Tropical Lanches, S\u00e9rgio Viagens Fluviais, Amigo Luluca, JC disk \u00e1gua e Rudival M\u00f3veis e Eletrodom\u00e9sticos.<\/p>\n<p>&nbsp;<\/p>\n","protected":false},"excerpt":{"rendered":"<p>Nesse s\u00e1bado (01\/04) os atletas da Academia Ao Combate de Jiu-j\u00edtsu viajaram para Salvador no intuito de representar Belmonte na 1\u00aa Etapa do Campeonato Baiano de Jiu-j\u00edtsu. Os atletas belmontenses na edi\u00e7\u00e3o passada tiveram um bom rendimento e o Professor Hermes Andrade comentou com nossa equipe que a delega\u00e7\u00e3o esse ano est\u00e1 bem focada, que [&hellip;]<\/p>\n","protected":false},"author":7,"featured_media":12559,"comment_status":"open","ping_status":"open","sticky":false,"template":"","format":"standard","meta":{"footnotes":""},"categories":[10,1],"tags":[108],"class_list":["post-14385","post","type-post","status-publish","format-standard","has-post-thumbnail","hentry","category-esporte","category-noticias","tag-belmonte"],"_links":{"self":[{"href":"https:\/\/www.maisbn.com\/portal\/wp-json\/wp\/v2\/posts\/14385","targetHints":{"allow":["GET"]}}],"collection":[{"href":"https:\/\/www.maisbn.com\/portal\/wp-json\/wp\/v2\/posts"}],"about":[{"href":"https:\/\/www.maisbn.com\/portal\/wp-json\/wp\/v2\/types\/post"}],"author":[{"embeddable":true,"href":"https:\/\/www.maisbn.com\/portal\/wp-json\/wp\/v2\/users\/7"}],"replies":[{"embeddable":true,"href":"https:\/\/www.maisbn.com\/portal\/wp-json\/wp\/v2\/comments?post=14385"}],"version-history":[{"count":1,"href":"https:\/\/www.maisbn.com\/portal\/wp-json\/wp\/v2\/posts\/14385\/revisions"}],"predecessor-version":[{"id":14386,"href":"https:\/\/www.maisbn.com\/portal\/wp-json\/wp\/v2\/posts\/14385\/revisions\/14386"}],"wp:featuredmedia":[{"embeddable":true,"href":"https:\/\/www.maisbn.com\/portal\/wp-json\/wp\/v2\/media\/12559"}],"wp:attachment":[{"href":"https:\/\/www.maisbn.com\/portal\/wp-json\/wp\/v2\/media?parent=14385"}],"wp:term":[{"taxonomy":"category","embeddable":true,"href":"https:\/\/www.maisbn.com\/portal\/wp-json\/wp\/v2\/categories?post=14385"},{"taxonomy":"post_tag","embeddable":true,"href":"https:\/\/www.maisbn.com\/portal\/wp-json\/wp\/v2\/tags?post=14385"}],"curies":[{"name":"wp","href":"https:\/\/api.w.org\/{rel}","templated":true}]}}