{"id":14375,"date":"2017-03-31T17:26:07","date_gmt":"2017-03-31T20:26:07","guid":{"rendered":"http:\/\/www.maisbn.com\/portal\/?p=14375"},"modified":"2017-03-31T17:26:07","modified_gmt":"2017-03-31T20:26:07","slug":"secretaria-de-acao-social-promove-treinamento-para-a-implementacao-do-suas-em-belmonte","status":"publish","type":"post","link":"https:\/\/www.maisbn.com\/portal\/2017\/03\/secretaria-de-acao-social-promove-treinamento-para-a-implementacao-do-suas-em-belmonte\/","title":{"rendered":"Secretaria de A\u00e7\u00e3o Social promove treinamento para a implementa\u00e7\u00e3o do SUAS em Belmonte."},"content":{"rendered":"<p>A Secretaria Municipal de A\u00e7\u00e3o Social promoveu no \u00faltimo dia 29\/03 pela manh\u00e3, na Sede do Centro de Refer\u00eancia de A\u00e7\u00e3o Social um encontro onde participaram t\u00e9cnicos, coordenadores e orientadores sociais dos servi\u00e7os do CRAS, CREAS, Equipe Volante e Abrigo da Crian\u00e7a.<\/p>\n<p><a href=\"http:\/\/www.maisbn.com\/portal\/wp-content\/uploads\/2017\/03\/a\u00e7ao_social002.jpg\"><img loading=\"lazy\" decoding=\"async\" class=\"aligncenter size-full wp-image-14376\" src=\"http:\/\/www.maisbn.com\/portal\/wp-content\/uploads\/2017\/03\/a\u00e7ao_social002.jpg\" alt=\"acao_social002\" width=\"650\" height=\"412\" \/><\/a><\/p>\n<p>O objetivo do evento foi repassar aos profissionais presentes as orienta\u00e7\u00f5es da Secretaria de Justi\u00e7a, Direitos humanos e Desenvolvimento Social do Estado da Bahia a respeito da implementa\u00e7\u00e3o do SUAS (Sistema \u00danico de Assist\u00eancia Social) no munic\u00edpio de Belmonte. As orienta\u00e7\u00f5es foram apresentadas pelo Sr. Claudio Soares, Secret\u00e1rio Municipal de A\u00e7\u00e3o Social com aux\u00edlio das t\u00e9cnicas F\u00e1tima Rodrigues e Amanda de Jesus. As informa\u00e7\u00f5es e orienta\u00e7\u00f5es foram obtidas durante uma visita dos representantes do Munic\u00edpio de Belmonte \u00e0s instala\u00e7\u00f5es da referida Secretaria Estadual em Salvador.<\/p>\n<p><a href=\"http:\/\/www.maisbn.com\/portal\/wp-content\/uploads\/2017\/03\/a\u00e7ao_social004.jpg\"><img loading=\"lazy\" decoding=\"async\" class=\"aligncenter size-full wp-image-14377\" src=\"http:\/\/www.maisbn.com\/portal\/wp-content\/uploads\/2017\/03\/a\u00e7ao_social004.jpg\" alt=\"acao_social004\" width=\"650\" height=\"412\" \/><\/a><\/p>\n<p>O Secret\u00e1rio Claudio Soares informou \u00e0 nossa equipe que o treinamento visa conseguir melhorias no atendimento da A\u00e7\u00e3o Social atrav\u00e9s de par\u00e2metros que devem ser seguidos. &#8220;O objetivo \u00e9 qualificar as nossas equipes para que se consiga uma presta\u00e7\u00e3o satisfat\u00f3ria dos servi\u00e7os em conson\u00e2ncia com as normas exigidas pela Pol\u00edtica Estadual de Assist\u00eancia Social.&#8221; &#8211; Finalizou o Secret\u00e1rio.<\/p>\n<p>&nbsp;<\/p>\n","protected":false},"excerpt":{"rendered":"<p>A Secretaria Municipal de A\u00e7\u00e3o Social promoveu no \u00faltimo dia 29\/03 pela manh\u00e3, na Sede do Centro de Refer\u00eancia de A\u00e7\u00e3o Social um encontro onde participaram t\u00e9cnicos, coordenadores e orientadores sociais dos servi\u00e7os do CRAS, CREAS, Equipe Volante e Abrigo da Crian\u00e7a. O objetivo do evento foi repassar aos profissionais presentes as orienta\u00e7\u00f5es da Secretaria [&hellip;]<\/p>\n","protected":false},"author":7,"featured_media":14376,"comment_status":"open","ping_status":"open","sticky":false,"template":"","format":"standard","meta":{"footnotes":""},"categories":[45,1],"tags":[108],"class_list":["post-14375","post","type-post","status-publish","format-standard","has-post-thumbnail","hentry","category-cidades","category-noticias","tag-belmonte"],"_links":{"self":[{"href":"https:\/\/www.maisbn.com\/portal\/wp-json\/wp\/v2\/posts\/14375","targetHints":{"allow":["GET"]}}],"collection":[{"href":"https:\/\/www.maisbn.com\/portal\/wp-json\/wp\/v2\/posts"}],"about":[{"href":"https:\/\/www.maisbn.com\/portal\/wp-json\/wp\/v2\/types\/post"}],"author":[{"embeddable":true,"href":"https:\/\/www.maisbn.com\/portal\/wp-json\/wp\/v2\/users\/7"}],"replies":[{"embeddable":true,"href":"https:\/\/www.maisbn.com\/portal\/wp-json\/wp\/v2\/comments?post=14375"}],"version-history":[{"count":1,"href":"https:\/\/www.maisbn.com\/portal\/wp-json\/wp\/v2\/posts\/14375\/revisions"}],"predecessor-version":[{"id":14378,"href":"https:\/\/www.maisbn.com\/portal\/wp-json\/wp\/v2\/posts\/14375\/revisions\/14378"}],"wp:featuredmedia":[{"embeddable":true,"href":"https:\/\/www.maisbn.com\/portal\/wp-json\/wp\/v2\/media\/14376"}],"wp:attachment":[{"href":"https:\/\/www.maisbn.com\/portal\/wp-json\/wp\/v2\/media?parent=14375"}],"wp:term":[{"taxonomy":"category","embeddable":true,"href":"https:\/\/www.maisbn.com\/portal\/wp-json\/wp\/v2\/categories?post=14375"},{"taxonomy":"post_tag","embeddable":true,"href":"https:\/\/www.maisbn.com\/portal\/wp-json\/wp\/v2\/tags?post=14375"}],"curies":[{"name":"wp","href":"https:\/\/api.w.org\/{rel}","templated":true}]}}