{"id":14366,"date":"2017-03-31T12:15:34","date_gmt":"2017-03-31T15:15:34","guid":{"rendered":"http:\/\/www.maisbn.com\/portal\/?p=14366"},"modified":"2017-03-31T12:15:34","modified_gmt":"2017-03-31T15:15:34","slug":"proden-jovem-realiza-visitas-tecnicas-as-empresas-da-regiao","status":"publish","type":"post","link":"https:\/\/www.maisbn.com\/portal\/2017\/03\/proden-jovem-realiza-visitas-tecnicas-as-empresas-da-regiao\/","title":{"rendered":"Proden Jovem realiza visitas t\u00e9cnicas \u00e0s empresas da regi\u00e3o."},"content":{"rendered":"<p><a href=\"http:\/\/www.maisbn.com\/portal\/wp-content\/uploads\/2017\/03\/proden_veracel003.jpg\"><img loading=\"lazy\" decoding=\"async\" class=\"aligncenter size-full wp-image-14367\" src=\"http:\/\/www.maisbn.com\/portal\/wp-content\/uploads\/2017\/03\/proden_veracel003.jpg\" alt=\"proden_veracel003\" width=\"650\" height=\"412\" \/><\/a><\/p>\n<p>Com o objetivo de fomentar o desenvolvimento das empresas, analisando dificuldades e apresentando a\u00e7\u00f5es que buscam poss\u00edveis solu\u00e7\u00f5es, a Proden &#8211; Associa\u00e7\u00e3o Pr\u00f3 Desenvolvimento do Sul da Bahia, atrav\u00e9s da Proden Jovem, iniciou neste m\u00eas de mar\u00e7o o projeto de visitas t\u00e9cnicas \u00e0s empresas da regi\u00e3o. Essas a\u00e7\u00f5es, al\u00e9m da busca de resultados, contribuir\u00e3o com informa\u00e7\u00f5es sobre quais as principais dificuldades dos empres\u00e1rios. A partir desse banco de dados, ser\u00e3o promovidos f\u00f3runs e reuni\u00f5es entre empres\u00e1rios e especialistas para buscar e fomentar o desenvolvimento econ\u00f4mico do Sul da Bahia.<\/p>\n<p><a href=\"http:\/\/www.maisbn.com\/portal\/wp-content\/uploads\/2017\/03\/proden_veracel001.jpg\"><img loading=\"lazy\" decoding=\"async\" class=\"aligncenter size-full wp-image-14368\" src=\"http:\/\/www.maisbn.com\/portal\/wp-content\/uploads\/2017\/03\/proden_veracel001.jpg\" alt=\"proden_veracel001\" width=\"650\" height=\"412\" \/><\/a><\/p>\n<p>A primeira empresa a receber a visita da Proden foi a Veracel Celulose em Eun\u00e1polis, que forneceu \u00e0 equipe, informa\u00e7\u00f5es sobre os processos de gest\u00e3o e produ\u00e7\u00e3o da ind\u00fastria de celulose. De acordo com o presidente da Proden Jovem, Arthur Rodrigues, as visitas t\u00e9cnicas feitas pela Associa\u00e7\u00e3o, al\u00e9m da consultoria e orienta\u00e7\u00f5es pr\u00e1ticas sobre melhorias do empreendimento, buscam oportunizar maiores investimentos no setor. \u201c<em>Com um entendimento claro e objetivo sobre quais s\u00e3o as demandas em maior dificuldade do empres\u00e1rio, n\u00f3s oferecemos solu\u00e7\u00f5es que podem contribuir para o neg\u00f3cio, desde as quest\u00f5es de transporte de mercadorias ao quadro de funcion\u00e1rios<\/em>\u201d, esclareceu Arthur.<\/p>\n<p><a href=\"http:\/\/www.maisbn.com\/portal\/wp-content\/uploads\/2017\/03\/proden_veracel002.jpg\"><img loading=\"lazy\" decoding=\"async\" class=\"aligncenter size-full wp-image-14369\" src=\"http:\/\/www.maisbn.com\/portal\/wp-content\/uploads\/2017\/03\/proden_veracel002.jpg\" alt=\"proden_veracel002\" width=\"650\" height=\"412\" \/><\/a><\/p>\n<p>Ainda de acordo com Rodrigues, ap\u00f3s uma sequ\u00eancia de visitas que acontecer\u00e3o mensalmente, contribuindo de forma significativa para o desenvolvimento econ\u00f4mico sustent\u00e1vel da regi\u00e3o, beneficiando todos os associados, gerando crescimento organizacional e oportunidades de investimentos.<\/p>\n","protected":false},"excerpt":{"rendered":"<p>Com o objetivo de fomentar o desenvolvimento das empresas, analisando dificuldades e apresentando a\u00e7\u00f5es que buscam poss\u00edveis solu\u00e7\u00f5es, a Proden &#8211; Associa\u00e7\u00e3o Pr\u00f3 Desenvolvimento do Sul da Bahia, atrav\u00e9s da Proden Jovem, iniciou neste m\u00eas de mar\u00e7o o projeto de visitas t\u00e9cnicas \u00e0s empresas da regi\u00e3o. Essas a\u00e7\u00f5es, al\u00e9m da busca de resultados, contribuir\u00e3o com [&hellip;]<\/p>\n","protected":false},"author":7,"featured_media":14369,"comment_status":"open","ping_status":"open","sticky":false,"template":"","format":"standard","meta":{"footnotes":""},"categories":[45,1],"tags":[108],"class_list":["post-14366","post","type-post","status-publish","format-standard","has-post-thumbnail","hentry","category-cidades","category-noticias","tag-belmonte"],"_links":{"self":[{"href":"https:\/\/www.maisbn.com\/portal\/wp-json\/wp\/v2\/posts\/14366","targetHints":{"allow":["GET"]}}],"collection":[{"href":"https:\/\/www.maisbn.com\/portal\/wp-json\/wp\/v2\/posts"}],"about":[{"href":"https:\/\/www.maisbn.com\/portal\/wp-json\/wp\/v2\/types\/post"}],"author":[{"embeddable":true,"href":"https:\/\/www.maisbn.com\/portal\/wp-json\/wp\/v2\/users\/7"}],"replies":[{"embeddable":true,"href":"https:\/\/www.maisbn.com\/portal\/wp-json\/wp\/v2\/comments?post=14366"}],"version-history":[{"count":1,"href":"https:\/\/www.maisbn.com\/portal\/wp-json\/wp\/v2\/posts\/14366\/revisions"}],"predecessor-version":[{"id":14370,"href":"https:\/\/www.maisbn.com\/portal\/wp-json\/wp\/v2\/posts\/14366\/revisions\/14370"}],"wp:featuredmedia":[{"embeddable":true,"href":"https:\/\/www.maisbn.com\/portal\/wp-json\/wp\/v2\/media\/14369"}],"wp:attachment":[{"href":"https:\/\/www.maisbn.com\/portal\/wp-json\/wp\/v2\/media?parent=14366"}],"wp:term":[{"taxonomy":"category","embeddable":true,"href":"https:\/\/www.maisbn.com\/portal\/wp-json\/wp\/v2\/categories?post=14366"},{"taxonomy":"post_tag","embeddable":true,"href":"https:\/\/www.maisbn.com\/portal\/wp-json\/wp\/v2\/tags?post=14366"}],"curies":[{"name":"wp","href":"https:\/\/api.w.org\/{rel}","templated":true}]}}