{"id":14361,"date":"2017-03-31T13:32:15","date_gmt":"2017-03-31T16:32:15","guid":{"rendered":"http:\/\/www.maisbn.com\/portal\/?p=14361"},"modified":"2017-03-31T13:32:15","modified_gmt":"2017-03-31T16:32:15","slug":"petrolandia-tem-reuniao-para-discutir-implantacao-de-projeto-de-agricultura-familiar","status":"publish","type":"post","link":"https:\/\/www.maisbn.com\/portal\/2017\/03\/petrolandia-tem-reuniao-para-discutir-implantacao-de-projeto-de-agricultura-familiar\/","title":{"rendered":"Petrol\u00e2ndia tem reuni\u00e3o para discutir implanta\u00e7\u00e3o de Projeto de Agricultura Familiar."},"content":{"rendered":"<p>Aconteceu nessa quinta-feira (30\/03) uma reuni\u00e3o entre Agricultores de Petrol\u00e2ndia e representantes da Veracel com o objetivo de discutir a implanta\u00e7\u00e3o de um programa de agricultura familiar no povoado.<\/p>\n<p><a href=\"http:\/\/www.maisbn.com\/portal\/wp-content\/uploads\/2017\/03\/agricutura-3.jpg\"><img loading=\"lazy\" decoding=\"async\" class=\"aligncenter size-full wp-image-14363\" src=\"http:\/\/www.maisbn.com\/portal\/wp-content\/uploads\/2017\/03\/agricutura-3.jpg\" alt=\"agricutura-3\" width=\"650\" height=\"412\" \/><\/a><\/p>\n<p>O evento tamb\u00e9m contou com a presen\u00e7a do Presidente da C\u00e2mara de Vereadores de Belmonte, Aelson Matos e do Vereador e vice-presidente Alfredo Abeceb, al\u00e9m dos vereadores Kek\u00e9 e Armando da Usina de Barrol\u00e2ndia. O vereador Aelson Matos ressaltou que essa parceria entre agricultores, Veracel e C\u00e2mara de Vereadores de Belmonte \u00e9 muito importante porque a Agricultura Familiar vem tendo bons resultados em v\u00e1rios munic\u00edpios e tem colocado comida na mesa de v\u00e1rias pessoas de forma mais barata e saud\u00e1vel. &#8220;Uma parceria como essa significa emprego e renda para a nossa cidade. Temos que revitalizar a nossa \u00e1rea rural. Agrade\u00e7o \u00e0 Veracel Celulose por ser parceira dos belmontenses nessa iniciativa t\u00e3o importante.&#8221; &#8211; Concluiu o Presidente da C\u00e2mara de Vereadores.<\/p>\n<p><a href=\"http:\/\/www.maisbn.com\/portal\/wp-content\/uploads\/2017\/03\/petrolandia001.jpg\"><img loading=\"lazy\" decoding=\"async\" class=\"aligncenter size-full wp-image-14364\" src=\"http:\/\/www.maisbn.com\/portal\/wp-content\/uploads\/2017\/03\/petrolandia001.jpg\" alt=\"petrolandia001\" width=\"650\" height=\"412\" \/><\/a><\/p>\n<p>O Vereador Alfredo Abecerb esteve presente tamb\u00e9m na reuni\u00e3o e comentou \u00e0 nossa equipe que acredita na Agricultura Familiar e na Revitaliza\u00e7\u00e3o da \u00e1rea rural de Belmonte como um importante fator para a redu\u00e7\u00e3o da criminalidade da cidade. &#8220;A nossa \u00e1rea rural \u00e9 grande e investindo nesses produtores eles acabam criando emprego e renda para Belmonte. Desde o tempo do cacau que a economia rural belmontense est\u00e1 abandonada e essa for\u00e7a de trabalho ociosa acaba sendo recrutada pelo tr\u00e1fico de drogas. N\u00f3s temos um imenso potencial de produ\u00e7\u00e3o que foi esquecido durante todos esses anos e tudo que est\u00e1 acontecendo aqui \u00e9 apenas o primeiro passo de um grande futuro que ser\u00e1 alcan\u00e7ado atrav\u00e9s dos esfor\u00e7os de todos os envolvidos.&#8221; &#8211; Finalizou o Vice-presidente.<\/p>\n","protected":false},"excerpt":{"rendered":"<p>Aconteceu nessa quinta-feira (30\/03) uma reuni\u00e3o entre Agricultores de Petrol\u00e2ndia e representantes da Veracel com o objetivo de discutir a implanta\u00e7\u00e3o de um programa de agricultura familiar no povoado. O evento tamb\u00e9m contou com a presen\u00e7a do Presidente da C\u00e2mara de Vereadores de Belmonte, Aelson Matos e do Vereador e vice-presidente Alfredo Abeceb, al\u00e9m dos [&hellip;]<\/p>\n","protected":false},"author":7,"featured_media":14364,"comment_status":"open","ping_status":"open","sticky":false,"template":"","format":"standard","meta":{"footnotes":""},"categories":[45,1],"tags":[108],"class_list":["post-14361","post","type-post","status-publish","format-standard","has-post-thumbnail","hentry","category-cidades","category-noticias","tag-belmonte"],"_links":{"self":[{"href":"https:\/\/www.maisbn.com\/portal\/wp-json\/wp\/v2\/posts\/14361","targetHints":{"allow":["GET"]}}],"collection":[{"href":"https:\/\/www.maisbn.com\/portal\/wp-json\/wp\/v2\/posts"}],"about":[{"href":"https:\/\/www.maisbn.com\/portal\/wp-json\/wp\/v2\/types\/post"}],"author":[{"embeddable":true,"href":"https:\/\/www.maisbn.com\/portal\/wp-json\/wp\/v2\/users\/7"}],"replies":[{"embeddable":true,"href":"https:\/\/www.maisbn.com\/portal\/wp-json\/wp\/v2\/comments?post=14361"}],"version-history":[{"count":2,"href":"https:\/\/www.maisbn.com\/portal\/wp-json\/wp\/v2\/posts\/14361\/revisions"}],"predecessor-version":[{"id":14365,"href":"https:\/\/www.maisbn.com\/portal\/wp-json\/wp\/v2\/posts\/14361\/revisions\/14365"}],"wp:featuredmedia":[{"embeddable":true,"href":"https:\/\/www.maisbn.com\/portal\/wp-json\/wp\/v2\/media\/14364"}],"wp:attachment":[{"href":"https:\/\/www.maisbn.com\/portal\/wp-json\/wp\/v2\/media?parent=14361"}],"wp:term":[{"taxonomy":"category","embeddable":true,"href":"https:\/\/www.maisbn.com\/portal\/wp-json\/wp\/v2\/categories?post=14361"},{"taxonomy":"post_tag","embeddable":true,"href":"https:\/\/www.maisbn.com\/portal\/wp-json\/wp\/v2\/tags?post=14361"}],"curies":[{"name":"wp","href":"https:\/\/api.w.org\/{rel}","templated":true}]}}