{"id":14353,"date":"2017-03-30T22:01:41","date_gmt":"2017-03-31T01:01:41","guid":{"rendered":"http:\/\/www.maisbn.com\/portal\/?p=14353"},"modified":"2017-03-30T22:01:41","modified_gmt":"2017-03-31T01:01:41","slug":"cenimonia-marca-o-inicio-dos-trabalhos-do-proerd-em-belmonte","status":"publish","type":"post","link":"https:\/\/www.maisbn.com\/portal\/2017\/03\/cenimonia-marca-o-inicio-dos-trabalhos-do-proerd-em-belmonte\/","title":{"rendered":"Cenim\u00f4nia marca o in\u00edcio dos trabalhos do PROERD em Belmonte."},"content":{"rendered":"<p>Na manh\u00e3 dessa quinta-feira (30\/03) aconteceu a cerim\u00f4nia de abertura do PROERD (Programa Educacional de Resist\u00eancia \u00e0s Drogas e \u00e0 Viol\u00eancia). O evento aconteceu na Escola Edgard Santos e contou com a presen\u00e7a do Prefeito Janival Borges, do Secret\u00e1rio de Educa\u00e7\u00e3o Paulo Carvalho,da Coordenadora da Pol\u00edcia Militar, Tenente Juliana e dos instrutores do PROERD Soldado Elano e Sargento Augusto, al\u00e9m de diretores e coordenadores da Educa\u00e7\u00e3o Municipal de Belmonte.<\/p>\n<p><a href=\"http:\/\/www.maisbn.com\/portal\/wp-content\/uploads\/2017\/03\/materia3003014.jpg\"><img loading=\"lazy\" decoding=\"async\" class=\"aligncenter size-full wp-image-14355\" src=\"http:\/\/www.maisbn.com\/portal\/wp-content\/uploads\/2017\/03\/materia3003014.jpg\" alt=\"materia3003014\" width=\"650\" height=\"412\" \/><\/a><\/p>\n<p>O PROERD, que \u00e9 ministrado por integrantes da Pol\u00edcia Militar em parceria com os profissionais da educa\u00e7\u00e3o municipal, \u00e9 um programa que visa promover um modelo de educa\u00e7\u00e3o forte que permita que crian\u00e7as e adolescente tenham maturidade para tomar a decis\u00e3o de n\u00e3o ingressar no mundo das drogas. Para se chegar a esse objetivo os profissionais envolvidos desenvolver\u00e3o din\u00e2micas com diversas tem\u00e1ticas voltadas para esse p\u00fablico. O curso \u00e9 composto por 10 encontros onde no final os participantes do programa ter\u00e3o uma formatura onde receber\u00e3o certificados. &#8220;O modelo do PROERD se iniciou nos Estados Unidos e foi adaptado no Brasil pela Policia Militar do Rio de Janeiro, onde se teve \u00f3timos resultados. Em 2003 a Bahia implantou o programa com 04 curr\u00edculos que englobam crian\u00e7as da Educa\u00e7\u00e3o Infantil, 5\u00ba Ano do Ensino Fundamental, 7\u00ba Ano do Ensino Fundamental e ainda desenvolvemos trabalhos voltados para os pais e respons\u00e1veis.&#8221; &#8211; Salientou o SD Elano.<\/p>\n<p><a href=\"http:\/\/www.maisbn.com\/portal\/wp-content\/uploads\/2017\/03\/materia3003035.jpg\"><img loading=\"lazy\" decoding=\"async\" class=\"aligncenter size-full wp-image-14356\" src=\"http:\/\/www.maisbn.com\/portal\/wp-content\/uploads\/2017\/03\/materia3003035.jpg\" alt=\"materia3003035\" width=\"650\" height=\"412\" \/><\/a><\/p>\n<p>Os Policiais Militares envolvidos no PROERD s\u00e3o qualificados por meio de um curso de 106 horas. Os profissionais tamb\u00e9m tem forma\u00e7\u00e3o acad\u00eamica em diversa \u00e1reas de conhecimento. Os trabalhos tem dura\u00e7\u00e3o de tr\u00eas meses e ser\u00e3o desenvolvidos na Escola Edgard Santos e no Col\u00e9gio Antonio Carlos Magalh\u00e3es em Barrol\u00e2ndia. A coordena\u00e7\u00e3o do PROERD informou que os policiais envolvidos estar\u00e3o semanalmente nas escolas dialogando e trocando experi\u00eancias em sala de aula. &#8220;As visitas ser\u00e3o sempre \u00e0s quintas-feiras, mas infelizmente n\u00e3o teremos condi\u00e7\u00f5es de trabalhar com todas as salas de aulas, por isso, a Secretaria de Educa\u00e7\u00e3o realizou um sorteio para escolher as classes que participar\u00e3o nessa etapa inicial do programa. N\u00f3s estamos aqui porque houve um pedido das escolas, da Secretaria de Educa\u00e7\u00e3o e do Prefeito Janival Borges para que a Policia Militar colaborasse com o munic\u00edpio e o que ir\u00e1 acontecer aqui est\u00e1 acontecendo em todo o estado. O nosso objetivo \u00e9 que essa parceria seja frut\u00edfera e que o PROERD seja ampliado e alcance todas as escolas belmontenses.&#8221; &#8211; Comentou o SD PM Elano.<\/p>\n<p><a href=\"http:\/\/www.maisbn.com\/portal\/wp-content\/uploads\/2017\/03\/materia3003019.jpg\"><img loading=\"lazy\" decoding=\"async\" class=\"aligncenter size-full wp-image-14358\" src=\"http:\/\/www.maisbn.com\/portal\/wp-content\/uploads\/2017\/03\/materia3003019.jpg\" alt=\"materia3003019\" width=\"650\" height=\"412\" \/><\/a><\/p>\n<p>O Prefeito Janival Borges e o Secret\u00e1rio de Educa\u00e7\u00e3o Paulo Carvalho informaram que estavam felizes com a parceria da Pol\u00edcia Militar, que Belmonte abra\u00e7ar\u00e1 a iniciativa e n\u00e3o poupar\u00e1 esfor\u00e7os para que bons resultados sejam alcan\u00e7ados.\u00a0 \u00c0 nossa equipe o Prefeito Janival Borges comentou que o efetivo combate \u00e0s drogas come\u00e7a com a preven\u00e7\u00e3o. &#8220;Esse programa atinge em cheio o p\u00fablico mais vulner\u00e1vel que s\u00e3o as crian\u00e7as, adolescentes e suas fam\u00edlias. Esses s\u00e3o os alvos preferenciais dos traficantes. Neutralizando esse p\u00fablico o tr\u00e1fico de drogas perde a sua maior fonte de renda e de pessoas dispostas a prestarem servi\u00e7o pra o crime.&#8221; -Ressaltou o gestor belmontense.<\/p>\n<p>&nbsp;<\/p>\n","protected":false},"excerpt":{"rendered":"<p>Na manh\u00e3 dessa quinta-feira (30\/03) aconteceu a cerim\u00f4nia de abertura do PROERD (Programa Educacional de Resist\u00eancia \u00e0s Drogas e \u00e0 Viol\u00eancia). O evento aconteceu na Escola Edgard Santos e contou com a presen\u00e7a do Prefeito Janival Borges, do Secret\u00e1rio de Educa\u00e7\u00e3o Paulo Carvalho,da Coordenadora da Pol\u00edcia Militar, Tenente Juliana e dos instrutores do PROERD Soldado [&hellip;]<\/p>\n","protected":false},"author":7,"featured_media":14359,"comment_status":"open","ping_status":"open","sticky":false,"template":"","format":"standard","meta":{"footnotes":""},"categories":[8,1],"tags":[108],"class_list":["post-14353","post","type-post","status-publish","format-standard","has-post-thumbnail","hentry","category-educacao","category-noticias","tag-belmonte"],"_links":{"self":[{"href":"https:\/\/www.maisbn.com\/portal\/wp-json\/wp\/v2\/posts\/14353","targetHints":{"allow":["GET"]}}],"collection":[{"href":"https:\/\/www.maisbn.com\/portal\/wp-json\/wp\/v2\/posts"}],"about":[{"href":"https:\/\/www.maisbn.com\/portal\/wp-json\/wp\/v2\/types\/post"}],"author":[{"embeddable":true,"href":"https:\/\/www.maisbn.com\/portal\/wp-json\/wp\/v2\/users\/7"}],"replies":[{"embeddable":true,"href":"https:\/\/www.maisbn.com\/portal\/wp-json\/wp\/v2\/comments?post=14353"}],"version-history":[{"count":2,"href":"https:\/\/www.maisbn.com\/portal\/wp-json\/wp\/v2\/posts\/14353\/revisions"}],"predecessor-version":[{"id":14360,"href":"https:\/\/www.maisbn.com\/portal\/wp-json\/wp\/v2\/posts\/14353\/revisions\/14360"}],"wp:featuredmedia":[{"embeddable":true,"href":"https:\/\/www.maisbn.com\/portal\/wp-json\/wp\/v2\/media\/14359"}],"wp:attachment":[{"href":"https:\/\/www.maisbn.com\/portal\/wp-json\/wp\/v2\/media?parent=14353"}],"wp:term":[{"taxonomy":"category","embeddable":true,"href":"https:\/\/www.maisbn.com\/portal\/wp-json\/wp\/v2\/categories?post=14353"},{"taxonomy":"post_tag","embeddable":true,"href":"https:\/\/www.maisbn.com\/portal\/wp-json\/wp\/v2\/tags?post=14353"}],"curies":[{"name":"wp","href":"https:\/\/api.w.org\/{rel}","templated":true}]}}