{"id":14335,"date":"2017-03-29T16:19:17","date_gmt":"2017-03-29T19:19:17","guid":{"rendered":"http:\/\/www.maisbn.com\/portal\/?p=14335"},"modified":"2017-03-29T16:19:17","modified_gmt":"2017-03-29T19:19:17","slug":"restricoes-impostas-pela-anac-ao-aeroporto-de-porto-seguro-preocupam-setor-de-turismo","status":"publish","type":"post","link":"https:\/\/www.maisbn.com\/portal\/2017\/03\/restricoes-impostas-pela-anac-ao-aeroporto-de-porto-seguro-preocupam-setor-de-turismo\/","title":{"rendered":"Restri\u00e7\u00f5es impostas pela ANAC ao Aeroporto de Porto Seguro preocupam setor de turismo."},"content":{"rendered":"<p><a href=\"http:\/\/www.maisbn.com\/portal\/wp-content\/uploads\/2017\/03\/aeroporto-internacional-de-po.jpg\"><img loading=\"lazy\" decoding=\"async\" class=\"aligncenter size-full wp-image-14336\" src=\"http:\/\/www.maisbn.com\/portal\/wp-content\/uploads\/2017\/03\/aeroporto-internacional-de-po.jpg\" alt=\"aeroporto-internacional-de-po\" width=\"640\" height=\"466\" \/><\/a><\/p>\n<p>O aeroporto de Porto Seguro recebeu uma restri\u00e7\u00e3o em rela\u00e7\u00e3o ao n\u00famero de voos semanais por n\u00e3o atender a uma determina\u00e7\u00e3o da Ag\u00eancia Nacional de Avia\u00e7\u00e3o Civil (ANAC), segundo informa\u00e7\u00f5es do site RADAR 64. Segundo informa\u00e7\u00f5es do site, o Secret\u00e1rio de Turismo de Porto Seguro, Richard Alves, explicou que a restri\u00e7\u00e3o foi imposta pela ANAC a todos os aeroportos brasileiros que n\u00e3o apresentaram o processo de certifica\u00e7\u00e3o exigido pela ag\u00eancia. &#8220;Alguns aeroportos, entre eles o do Porto Seguro, n\u00e3o atenderam os requisitos e est\u00e3o sofrendo as san\u00e7\u00f5es impostas.&#8221; &#8211; Explicou o Secret\u00e1rio.<\/p>\n<p>A n\u00e3o apresenta\u00e7\u00e3o do processo de certifica\u00e7\u00e3o fez com que a ANAC publicasse uma portaria limitando a capacidade dos aeroportos em quest\u00e3o. &#8220;Essa limita\u00e7\u00e3o \u00e9 tempor\u00e1ria at\u00e9 que a SINART (empresa que administra o Aeroporto de Porto Seguro) atenda as solicita\u00e7\u00f5es.&#8221; &#8211; Salientou o Secret\u00e1rio Municipal de Turismo.<\/p>\n<p>Com a restri\u00e7\u00e3o o Aeroporto de Porto Seguro foi limitado a receber apenas 117 voos semanais e o que preocupa a Prefeitura e os empres\u00e1rios do ramo tur\u00edstico da cidade \u00e9 o impacto que a situa\u00e7\u00e3o ir\u00e1 causar para o turismo, j\u00e1 que, Porto Seguro recebe muito mais voos e essa demanda n\u00e3o tem como ser atendida com a proibi\u00e7\u00e3o imposta pela portaria da ANAC. Representantes da Prefeitura entraram em contato com a SINART e a empresa informou que a limita\u00e7\u00e3o atual s\u00f3 causar\u00e1 preju\u00edzos para a cidade em julho, mas que, at\u00e9 l\u00e1, a mesma acredita que essa pend\u00eancia j\u00e1 deva ter sido resolvida.<\/p>\n<p><a href=\"http:\/\/www.maisbn.com\/portal\/wp-content\/uploads\/2017\/03\/anac-portoseguro.jpg\"><img loading=\"lazy\" decoding=\"async\" class=\"aligncenter wp-image-14337 size-full\" src=\"http:\/\/www.maisbn.com\/portal\/wp-content\/uploads\/2017\/03\/anac-portoseguro-e1490814932148.jpg\" alt=\"anac-portoseguro\" width=\"700\" height=\"475\" \/><\/a><\/p>\n<p>Na ter\u00e7a-feira (28\/03) o Sr. Humberto Nascimento, vice-prefeito de Porto Seguro, o Sr. H\u00e9lio Lima, Procurador Geral do munic\u00edpio, e o Deputado Federal Ronaldo Carletto participaram de uma reuni\u00e3o em Bras\u00edlia com o Presidente da ANAC, o Sr. Jos\u00e9 Ricardo Botelho, para cuidar do assunto. O vice-prefeito avaliou que a reuni\u00e3o foi positiva e que a expectativa \u00e9 que se encontre um caminho para resolver todas as pend\u00eancias, especialmente as da SINART. &#8220;Estamos tomando todas as provid\u00eancias de nossa parte para resolver o problema e o aeroporto j\u00e1 estar liberado para atender a demanda da alta temporada, uma vez que, a ANAC j\u00e1 nos ajudou e ajustou as restri\u00e7\u00f5es para que pud\u00e9ssemos atender a demanda da baixa temporada.&#8221; &#8211; Concluiu o vice-prefeito.<\/p>\n<p>&nbsp;<\/p>\n","protected":false},"excerpt":{"rendered":"<p>O aeroporto de Porto Seguro recebeu uma restri\u00e7\u00e3o em rela\u00e7\u00e3o ao n\u00famero de voos semanais por n\u00e3o atender a uma determina\u00e7\u00e3o da Ag\u00eancia Nacional de Avia\u00e7\u00e3o Civil (ANAC), segundo informa\u00e7\u00f5es do site RADAR 64. Segundo informa\u00e7\u00f5es do site, o Secret\u00e1rio de Turismo de Porto Seguro, Richard Alves, explicou que a restri\u00e7\u00e3o foi imposta pela ANAC [&hellip;]<\/p>\n","protected":false},"author":7,"featured_media":14336,"comment_status":"open","ping_status":"open","sticky":false,"template":"","format":"standard","meta":{"footnotes":""},"categories":[45,1],"tags":[108],"class_list":["post-14335","post","type-post","status-publish","format-standard","has-post-thumbnail","hentry","category-cidades","category-noticias","tag-belmonte"],"_links":{"self":[{"href":"https:\/\/www.maisbn.com\/portal\/wp-json\/wp\/v2\/posts\/14335","targetHints":{"allow":["GET"]}}],"collection":[{"href":"https:\/\/www.maisbn.com\/portal\/wp-json\/wp\/v2\/posts"}],"about":[{"href":"https:\/\/www.maisbn.com\/portal\/wp-json\/wp\/v2\/types\/post"}],"author":[{"embeddable":true,"href":"https:\/\/www.maisbn.com\/portal\/wp-json\/wp\/v2\/users\/7"}],"replies":[{"embeddable":true,"href":"https:\/\/www.maisbn.com\/portal\/wp-json\/wp\/v2\/comments?post=14335"}],"version-history":[{"count":1,"href":"https:\/\/www.maisbn.com\/portal\/wp-json\/wp\/v2\/posts\/14335\/revisions"}],"predecessor-version":[{"id":14338,"href":"https:\/\/www.maisbn.com\/portal\/wp-json\/wp\/v2\/posts\/14335\/revisions\/14338"}],"wp:featuredmedia":[{"embeddable":true,"href":"https:\/\/www.maisbn.com\/portal\/wp-json\/wp\/v2\/media\/14336"}],"wp:attachment":[{"href":"https:\/\/www.maisbn.com\/portal\/wp-json\/wp\/v2\/media?parent=14335"}],"wp:term":[{"taxonomy":"category","embeddable":true,"href":"https:\/\/www.maisbn.com\/portal\/wp-json\/wp\/v2\/categories?post=14335"},{"taxonomy":"post_tag","embeddable":true,"href":"https:\/\/www.maisbn.com\/portal\/wp-json\/wp\/v2\/tags?post=14335"}],"curies":[{"name":"wp","href":"https:\/\/api.w.org\/{rel}","templated":true}]}}