{"id":14324,"date":"2017-03-28T22:56:17","date_gmt":"2017-03-29T01:56:17","guid":{"rendered":"http:\/\/www.maisbn.com\/portal\/?p=14324"},"modified":"2017-03-28T22:56:17","modified_gmt":"2017-03-29T01:56:17","slug":"populacao-belmontense-se-reune-para-a-despedida-do-grande-mestre-anildo-lima","status":"publish","type":"post","link":"https:\/\/www.maisbn.com\/portal\/2017\/03\/populacao-belmontense-se-reune-para-a-despedida-do-grande-mestre-anildo-lima\/","title":{"rendered":"Popula\u00e7\u00e3o belmontense se re\u00fane para a despedida do grande Mestre Anildo Lima."},"content":{"rendered":"<p><a href=\"http:\/\/www.maisbn.com\/portal\/wp-content\/uploads\/2017\/03\/adeus_anildolima008.jpg\"><img loading=\"lazy\" decoding=\"async\" class=\"aligncenter size-full wp-image-14325\" src=\"http:\/\/www.maisbn.com\/portal\/wp-content\/uploads\/2017\/03\/adeus_anildolima008.jpg\" alt=\"adeus_anildolima008\" width=\"650\" height=\"412\" \/><\/a><\/p>\n<p>Na tarde dessa ter\u00e7a-feira (28\/03) a cidade de Belmonte parou para dar o \u00faltimo adeus ao Professor Anildo Lima. Um grande n\u00famero de pessoas se reuniu na frente da Igreja S\u00e3o Francisco aonde estava acontecendo o vel\u00f3rio para acompanhar o cortejo at\u00e9 o Cemit\u00e9rio Municipal.<\/p>\n<p><a href=\"http:\/\/www.maisbn.com\/portal\/wp-content\/uploads\/2017\/03\/adeus_anildolima010.jpg\"><img loading=\"lazy\" decoding=\"async\" class=\"aligncenter size-full wp-image-14326\" src=\"http:\/\/www.maisbn.com\/portal\/wp-content\/uploads\/2017\/03\/adeus_anildolima010.jpg\" alt=\"adeus_anildolima010\" width=\"650\" height=\"412\" \/><\/a><\/p>\n<p>Alunos, professores, familiares e admiradores do Professor lamentaram muito a perda e o clima de emo\u00e7\u00e3o e tristeza tomou conta de todo o trajeto. Ao final ainda aconteceram algumas homenagens e a popula\u00e7\u00e3o se despediu para sempre do Grande Mestre Anildo Lima.<\/p>\n<p>&nbsp;<\/p>\n","protected":false},"excerpt":{"rendered":"<p>Na tarde dessa ter\u00e7a-feira (28\/03) a cidade de Belmonte parou para dar o \u00faltimo adeus ao Professor Anildo Lima. Um grande n\u00famero de pessoas se reuniu na frente da Igreja S\u00e3o Francisco aonde estava acontecendo o vel\u00f3rio para acompanhar o cortejo at\u00e9 o Cemit\u00e9rio Municipal. Alunos, professores, familiares e admiradores do Professor lamentaram muito a [&hellip;]<\/p>\n","protected":false},"author":7,"featured_media":14325,"comment_status":"open","ping_status":"open","sticky":false,"template":"","format":"standard","meta":{"footnotes":""},"categories":[45,1],"tags":[108],"class_list":["post-14324","post","type-post","status-publish","format-standard","has-post-thumbnail","hentry","category-cidades","category-noticias","tag-belmonte"],"_links":{"self":[{"href":"https:\/\/www.maisbn.com\/portal\/wp-json\/wp\/v2\/posts\/14324","targetHints":{"allow":["GET"]}}],"collection":[{"href":"https:\/\/www.maisbn.com\/portal\/wp-json\/wp\/v2\/posts"}],"about":[{"href":"https:\/\/www.maisbn.com\/portal\/wp-json\/wp\/v2\/types\/post"}],"author":[{"embeddable":true,"href":"https:\/\/www.maisbn.com\/portal\/wp-json\/wp\/v2\/users\/7"}],"replies":[{"embeddable":true,"href":"https:\/\/www.maisbn.com\/portal\/wp-json\/wp\/v2\/comments?post=14324"}],"version-history":[{"count":1,"href":"https:\/\/www.maisbn.com\/portal\/wp-json\/wp\/v2\/posts\/14324\/revisions"}],"predecessor-version":[{"id":14327,"href":"https:\/\/www.maisbn.com\/portal\/wp-json\/wp\/v2\/posts\/14324\/revisions\/14327"}],"wp:featuredmedia":[{"embeddable":true,"href":"https:\/\/www.maisbn.com\/portal\/wp-json\/wp\/v2\/media\/14325"}],"wp:attachment":[{"href":"https:\/\/www.maisbn.com\/portal\/wp-json\/wp\/v2\/media?parent=14324"}],"wp:term":[{"taxonomy":"category","embeddable":true,"href":"https:\/\/www.maisbn.com\/portal\/wp-json\/wp\/v2\/categories?post=14324"},{"taxonomy":"post_tag","embeddable":true,"href":"https:\/\/www.maisbn.com\/portal\/wp-json\/wp\/v2\/tags?post=14324"}],"curies":[{"name":"wp","href":"https:\/\/api.w.org\/{rel}","templated":true}]}}