{"id":14293,"date":"2017-03-25T19:30:22","date_gmt":"2017-03-25T22:30:22","guid":{"rendered":"http:\/\/www.maisbn.com\/portal\/?p=14293"},"modified":"2017-03-25T19:30:22","modified_gmt":"2017-03-25T22:30:22","slug":"aplb-e-comunidade-realizam-protesto-contra-a-reforma-da-previdencia-em-belmonte","status":"publish","type":"post","link":"https:\/\/www.maisbn.com\/portal\/2017\/03\/aplb-e-comunidade-realizam-protesto-contra-a-reforma-da-previdencia-em-belmonte\/","title":{"rendered":"APLB e comunidade realizam protesto contra a Reforma da Previd\u00eancia em Belmonte."},"content":{"rendered":"<p>&nbsp;<\/p>\n<p><a href=\"http:\/\/www.maisbn.com\/portal\/wp-content\/uploads\/2017\/03\/movimeto_APLB001.jpg\"><img loading=\"lazy\" decoding=\"async\" class=\"aligncenter size-full wp-image-14294\" src=\"http:\/\/www.maisbn.com\/portal\/wp-content\/uploads\/2017\/03\/movimeto_APLB001.jpg\" alt=\"movimeto_aplb001\" width=\"650\" height=\"412\" \/><\/a><\/p>\n<p>A APLB Sindicato realizou nessa sexta-feira (24\/03) em Belmonte uma passeata pelas principais ruas da cidade em protesto contra a Reforma da Previd\u00eancia proposta pelo Governo do Presidente Michel Temer. A passeata, que contou com a participa\u00e7\u00e3o de cerca de 500 pessoas, contou com a participa\u00e7\u00e3o de profissionais da educa\u00e7\u00e3o e pessoas da comunidade.<\/p>\n<p><a href=\"http:\/\/www.maisbn.com\/portal\/wp-content\/uploads\/2017\/03\/movimeto_APLB016.jpg\"><img loading=\"lazy\" decoding=\"async\" class=\"aligncenter size-full wp-image-14295\" src=\"http:\/\/www.maisbn.com\/portal\/wp-content\/uploads\/2017\/03\/movimeto_APLB016.jpg\" alt=\"movimeto_aplb016\" width=\"650\" height=\"412\" \/><\/a><\/p>\n<p>Em depoimento a Delegada Sindical Jovita revelou que as mudan\u00e7as propostas pelo Governo Federal para a Previd\u00eancia Social s\u00e3o danosas para o trabalhador de todas as categorias, j\u00e1 que, praticamente tira as chances dos mesmos se aposentarem. A mesma ainda comentou que a primeira medida que tem que ser tomada \u00e9 acabar com a corrup\u00e7\u00e3o e com os privil\u00e9gios dos pol\u00edticos. &#8220;N\u00f3s n\u00e3o temos que pagar a conta dos erros deles. Defendemos uma solu\u00e7\u00e3o negociada que seja boa para todos os seguimentos. N\u00e3o \u00e9 justo s\u00f3 o trabalhador pagar essa d\u00edvida t\u00e3o amarga.&#8221; &#8211; Comentou a Sindicalista.<\/p>\n<p><a href=\"http:\/\/www.maisbn.com\/portal\/wp-content\/uploads\/2017\/03\/movimeto_APLB008.jpg\"><img loading=\"lazy\" decoding=\"async\" class=\"aligncenter size-full wp-image-14296\" src=\"http:\/\/www.maisbn.com\/portal\/wp-content\/uploads\/2017\/03\/movimeto_APLB008.jpg\" alt=\"movimeto_aplb008\" width=\"650\" height=\"412\" \/><\/a><\/p>\n<p>O Sindicalista e Vereador Rog\u00e9rio Bahia tamb\u00e9m usou a palavra e criticou a Reforma da Previd\u00eancia por entender que ela injusta e cruel com o trabalhador que luta a vida toda e precisa ter recursos para o seu merecido descanso. O vereador tamb\u00e9m abordou as suas a\u00e7\u00f5es no \u00e2mbito municipal e citou os seus projetos voltados para a educa\u00e7\u00e3o. Rog\u00e9rio ainda revelou que tem defendido a ideia de automatizar a atualiza\u00e7\u00e3o do piso salarial do magist\u00e9rio para os servidores do munic\u00edpio. &#8220;Hoje o piso salarial entra em vigor, mas o munic\u00edpio demora alguns meses para atualizar os sal\u00e1rios. O meu objetivo \u00e9 aprovar uma lei municipal que torne essa atualiza\u00e7\u00e3o autom\u00e1tica. Isso n\u00e3o trar\u00e1 preju\u00edzos para a Prefeitura porque a mesma j\u00e1 paga os meses retroativos e ser\u00e1 bom para o funcion\u00e1rio porque contar\u00e1 com esse dinheirinho j\u00e1 no come\u00e7o do ano. Eu tenho conversado com os meus colegas vereadores e com o Prefeito Janival Borges sobre esse meu projeto e estou tendo uma boa aceita\u00e7\u00e3o. Agora estou cumprindo os tramites da casa e em breve esse meu projeto de lei estar\u00e1 indo para vota\u00e7\u00e3o no plen\u00e1rio.&#8221; &#8211; Finalizou Rog\u00e9rio.<\/p>\n<p><a href=\"http:\/\/www.maisbn.com\/portal\/wp-content\/uploads\/2017\/03\/mosaico_manifestacaoaplb.jpg\"><img loading=\"lazy\" decoding=\"async\" class=\"aligncenter size-full wp-image-14297\" src=\"http:\/\/www.maisbn.com\/portal\/wp-content\/uploads\/2017\/03\/mosaico_manifestacaoaplb.jpg\" alt=\"mosaico_manifestacaoaplb\" width=\"700\" height=\"450\" \/><\/a><\/p>\n<p>A passeata foi encerrada na frente da Prefeitura Municipal de Belmonte com a entoa\u00e7\u00e3o do Hino Nacional Brasileiro. A APLB-Sindicato informou ainda que segue acompanhando o desenrolar do processo em Bras\u00edlia e que n\u00e3o descarta mais movimentos de protestos a serem realizados no decorrer do ano.<\/p>\n","protected":false},"excerpt":{"rendered":"<p>&nbsp; A APLB Sindicato realizou nessa sexta-feira (24\/03) em Belmonte uma passeata pelas principais ruas da cidade em protesto contra a Reforma da Previd\u00eancia proposta pelo Governo do Presidente Michel Temer. A passeata, que contou com a participa\u00e7\u00e3o de cerca de 500 pessoas, contou com a participa\u00e7\u00e3o de profissionais da educa\u00e7\u00e3o e pessoas da comunidade. [&hellip;]<\/p>\n","protected":false},"author":7,"featured_media":14294,"comment_status":"open","ping_status":"open","sticky":false,"template":"","format":"standard","meta":{"footnotes":""},"categories":[45,1],"tags":[108],"class_list":["post-14293","post","type-post","status-publish","format-standard","has-post-thumbnail","hentry","category-cidades","category-noticias","tag-belmonte"],"_links":{"self":[{"href":"https:\/\/www.maisbn.com\/portal\/wp-json\/wp\/v2\/posts\/14293","targetHints":{"allow":["GET"]}}],"collection":[{"href":"https:\/\/www.maisbn.com\/portal\/wp-json\/wp\/v2\/posts"}],"about":[{"href":"https:\/\/www.maisbn.com\/portal\/wp-json\/wp\/v2\/types\/post"}],"author":[{"embeddable":true,"href":"https:\/\/www.maisbn.com\/portal\/wp-json\/wp\/v2\/users\/7"}],"replies":[{"embeddable":true,"href":"https:\/\/www.maisbn.com\/portal\/wp-json\/wp\/v2\/comments?post=14293"}],"version-history":[{"count":2,"href":"https:\/\/www.maisbn.com\/portal\/wp-json\/wp\/v2\/posts\/14293\/revisions"}],"predecessor-version":[{"id":14299,"href":"https:\/\/www.maisbn.com\/portal\/wp-json\/wp\/v2\/posts\/14293\/revisions\/14299"}],"wp:featuredmedia":[{"embeddable":true,"href":"https:\/\/www.maisbn.com\/portal\/wp-json\/wp\/v2\/media\/14294"}],"wp:attachment":[{"href":"https:\/\/www.maisbn.com\/portal\/wp-json\/wp\/v2\/media?parent=14293"}],"wp:term":[{"taxonomy":"category","embeddable":true,"href":"https:\/\/www.maisbn.com\/portal\/wp-json\/wp\/v2\/categories?post=14293"},{"taxonomy":"post_tag","embeddable":true,"href":"https:\/\/www.maisbn.com\/portal\/wp-json\/wp\/v2\/tags?post=14293"}],"curies":[{"name":"wp","href":"https:\/\/api.w.org\/{rel}","templated":true}]}}