{"id":14285,"date":"2017-03-25T17:37:01","date_gmt":"2017-03-25T20:37:01","guid":{"rendered":"http:\/\/www.maisbn.com\/portal\/?p=14285"},"modified":"2017-03-25T17:37:01","modified_gmt":"2017-03-25T20:37:01","slug":"populacao-cobra-recuperacao-da-ba-001-e-governo-do-estado-estipula-novo-prazo","status":"publish","type":"post","link":"https:\/\/www.maisbn.com\/portal\/2017\/03\/populacao-cobra-recuperacao-da-ba-001-e-governo-do-estado-estipula-novo-prazo\/","title":{"rendered":"Popula\u00e7\u00e3o cobra recupera\u00e7\u00e3o da BA-001 e Governo do Estado estipula novo prazo."},"content":{"rendered":"<p class=\"western\">Enquanto o tempo passa o retrato do descaso do Governo do Estado com a popula\u00e7\u00e3o de Belmonte so cresce igualmente \u00e0s crateras que aumentam a cada dia na BA-001. O trecho que liga o munic\u00edpio \u00e0 cidade de Santa Cruz Cabr\u00e1lia est\u00e1 quase intransit\u00e1vel e vem provocando varios acidentes colocando em risco a vida das pessoas que usam a via diariamente. A situa\u00e7\u00e3o tamb\u00e9m est\u00e1 sendo aproveitada por bandidos que est\u00e3o se valendo da baixa velocidade dos ve\u00edculos para interceptarem e roubarem os motoristas. A popula\u00e7\u00e3o tem lutado e apelado aos l\u00edderes pol\u00edticos que intercedam junto ao Governador Rui Costa e sua equipe na busca por uma solu\u00e7\u00e3o sobre o caso. V\u00e1rios pedidos j\u00e1 foram feitos, mas a equipe do mandat\u00e1rio baiano s\u00f3 tem estipulado diversos prazos que nunca s\u00e3o cumpridos.<\/p>\n<div id=\"attachment_3840\" style=\"width: 650px\" class=\"wp-caption aligncenter\"><a href=\"http:\/\/www.maisbn.com\/portal\/wp-content\/uploads\/2013\/12\/estrada-01.jpg\"><img loading=\"lazy\" decoding=\"async\" aria-describedby=\"caption-attachment-3840\" class=\"size-full wp-image-3840\" src=\"http:\/\/www.maisbn.com\/portal\/wp-content\/uploads\/2013\/12\/estrada-01.jpg\" alt=\"BA-001 repleta de buracos.\" width=\"640\" height=\"480\" srcset=\"https:\/\/www.maisbn.com\/portal\/wp-content\/uploads\/2013\/12\/estrada-01.jpg 640w, https:\/\/www.maisbn.com\/portal\/wp-content\/uploads\/2013\/12\/estrada-01-466x350.jpg 466w\" sizes=\"auto, (max-width: 640px) 100vw, 640px\" \/><\/a><p id=\"caption-attachment-3840\" class=\"wp-caption-text\">BA-001 repleta de buracos.<\/p><\/div>\n<p class=\"western\">O movimento popular formado por belmontenses que luta pela recupera\u00e7\u00e3o da BA-001 j\u00e1 buscou apoio da Veracel, conversou com v\u00e1rios pol\u00edticos d\u00e1 regi\u00e3o e agora tem como alvo principal mandar uma enxurrada de cobran\u00e7as pelos canais de comunica\u00e7\u00e3o disponibilizados pelo Governo. A iniciativa surtiu efeito e a Assessoria de Imprensa da Secretaria Estadual de Infraestrutura mandou uma mensagem estipulando mais um prazo para o come\u00e7o da recupera\u00e7\u00e3o da estrada. Segundo a mensagem, que foi disponibilizada em uma rede social, os trabalhos ser\u00e3o iniciados na primeira semana do m\u00eas de abril. A mensagem ainda explica que est\u00e1 na programa\u00e7\u00e3o da Secretaria a realiza\u00e7\u00e3o de uma obra de recupera\u00e7\u00e3o que vai abranger os 48.80KM da rodovia. Essa segunda etapa est\u00e1 prevista para acontecer no segundo semestre desse ano.<\/p>\n<div id=\"attachment_14286\" style=\"width: 730px\" class=\"wp-caption aligncenter\"><a href=\"http:\/\/www.maisbn.com\/portal\/wp-content\/uploads\/2017\/03\/mensagem_estrada.jpg\"><img loading=\"lazy\" decoding=\"async\" aria-describedby=\"caption-attachment-14286\" class=\"size-full wp-image-14286\" src=\"http:\/\/www.maisbn.com\/portal\/wp-content\/uploads\/2017\/03\/mensagem_estrada.jpg\" alt=\"Mensagem enviada pela Assessoria de Imprensa do Governo do Estado.\" width=\"720\" height=\"794\" \/><\/a><p id=\"caption-attachment-14286\" class=\"wp-caption-text\">Mensagem enviada pela Assessoria de Imprensa do Governo do Estado.<\/p><\/div>\n<p class=\"western\">O Sr. Luciano Andrade (Luluca), um dos participantes mais ativos do movimento, comentou com nossa reportagem que toda a popula\u00e7\u00e3o est\u00e1 cansada de promessas e prazos n\u00e3o cumpridos. \u201cN\u00f3s vamos aguardar at\u00e9 Abril, como est\u00e3o novamente prometendo. Caso n\u00e3o se cumpra o acordo estamos dispostos a fechar a BA-001 em pontos alternados por v\u00e1rios dias at\u00e9 que se tome uma provid\u00eancia definitiva. Estamos cansados de s\u00f3 ser lembrados na \u00e9poca em que eles querem o nosso voto.\u201d &#8211; Finalizou Luluca.<\/p>\n","protected":false},"excerpt":{"rendered":"<p>Enquanto o tempo passa o retrato do descaso do Governo do Estado com a popula\u00e7\u00e3o de Belmonte so cresce igualmente \u00e0s crateras que aumentam a cada dia na BA-001. O trecho que liga o munic\u00edpio \u00e0 cidade de Santa Cruz Cabr\u00e1lia est\u00e1 quase intransit\u00e1vel e vem provocando varios acidentes colocando em risco a vida das [&hellip;]<\/p>\n","protected":false},"author":7,"featured_media":3840,"comment_status":"open","ping_status":"open","sticky":false,"template":"","format":"standard","meta":{"footnotes":""},"categories":[45,1],"tags":[108],"class_list":["post-14285","post","type-post","status-publish","format-standard","has-post-thumbnail","hentry","category-cidades","category-noticias","tag-belmonte"],"_links":{"self":[{"href":"https:\/\/www.maisbn.com\/portal\/wp-json\/wp\/v2\/posts\/14285","targetHints":{"allow":["GET"]}}],"collection":[{"href":"https:\/\/www.maisbn.com\/portal\/wp-json\/wp\/v2\/posts"}],"about":[{"href":"https:\/\/www.maisbn.com\/portal\/wp-json\/wp\/v2\/types\/post"}],"author":[{"embeddable":true,"href":"https:\/\/www.maisbn.com\/portal\/wp-json\/wp\/v2\/users\/7"}],"replies":[{"embeddable":true,"href":"https:\/\/www.maisbn.com\/portal\/wp-json\/wp\/v2\/comments?post=14285"}],"version-history":[{"count":1,"href":"https:\/\/www.maisbn.com\/portal\/wp-json\/wp\/v2\/posts\/14285\/revisions"}],"predecessor-version":[{"id":14287,"href":"https:\/\/www.maisbn.com\/portal\/wp-json\/wp\/v2\/posts\/14285\/revisions\/14287"}],"wp:featuredmedia":[{"embeddable":true,"href":"https:\/\/www.maisbn.com\/portal\/wp-json\/wp\/v2\/media\/3840"}],"wp:attachment":[{"href":"https:\/\/www.maisbn.com\/portal\/wp-json\/wp\/v2\/media?parent=14285"}],"wp:term":[{"taxonomy":"category","embeddable":true,"href":"https:\/\/www.maisbn.com\/portal\/wp-json\/wp\/v2\/categories?post=14285"},{"taxonomy":"post_tag","embeddable":true,"href":"https:\/\/www.maisbn.com\/portal\/wp-json\/wp\/v2\/tags?post=14285"}],"curies":[{"name":"wp","href":"https:\/\/api.w.org\/{rel}","templated":true}]}}