{"id":14217,"date":"2017-03-16T10:43:38","date_gmt":"2017-03-16T13:43:38","guid":{"rendered":"http:\/\/www.maisbn.com\/portal\/?p=14217"},"modified":"2017-03-16T10:43:38","modified_gmt":"2017-03-16T13:43:38","slug":"barrolandia-realiza-protesto-conta-a-reforma-da-previdencia","status":"publish","type":"post","link":"https:\/\/www.maisbn.com\/portal\/2017\/03\/barrolandia-realiza-protesto-conta-a-reforma-da-previdencia\/","title":{"rendered":"Barrol\u00e2ndia realiza protesto conta a Reforma da Previd\u00eancia."},"content":{"rendered":"<p>Profissionais da Educa\u00e7\u00e3o e comunidade de Barrol\u00e2ndia foram \u00e0s ruas nessa quarta-feira (15\/03) para participar do movimento em protesto contra a Reforma da Previd\u00eancia. O movimento, que est\u00e1 acontecendo em v\u00e1rios estados, envolvendo centrais sindicais e movimentos populares \u00e9 contra a aprova\u00e7\u00e3o da Proposta de Emenda Constitucional (PEC) n\u00ba 287\/2016 que muda as regras da aposentadoria em todo o pa\u00eds. Apresentada ao Congresso Nacional pelo governo Temer, a medida estabelece idade m\u00ednima de 65 anos para homens e mulheres poderem se aposentar e ainda exige contribui\u00e7\u00e3o de 49 anos para que o trabalhador possa receber o valor integral do sal\u00e1rio. Alguns benef\u00edcios tamb\u00e9m poder\u00e3o ser desvinculados do sal\u00e1rio m\u00ednimo, diminuindo o valor da aposentadoria ao longo do tempo.<\/p>\n<p><a href=\"http:\/\/www.maisbn.com\/portal\/wp-content\/uploads\/2017\/03\/paralisacao_barrolandia002.jpg\"><img loading=\"lazy\" decoding=\"async\" class=\"aligncenter size-full wp-image-14218\" src=\"http:\/\/www.maisbn.com\/portal\/wp-content\/uploads\/2017\/03\/paralisacao_barrolandia002.jpg\" alt=\"paralisacao_barrolandia002\" width=\"650\" height=\"412\" \/><\/a><\/p>\n<p>A paralisa\u00e7\u00e3o em Barrol\u00e2ndia, que primeiramente come\u00e7ou com a participa\u00e7\u00e3o de professores e funcion\u00e1rios de apoio da educa\u00e7\u00e3o municipal, foi aderido por diversos seguimentos da sociedade e um grande n\u00famero de pessoas saiu em passeata pelas principais ruas do distrito. O evento ainda contou com a participa\u00e7\u00e3o do Vereador Armando que disse estar sens\u00edvel \u00e0 causa porque essa situa\u00e7\u00e3o afeta de forma negativa todos os brasileiros.<\/p>\n<p><a href=\"http:\/\/www.maisbn.com\/portal\/wp-content\/uploads\/2017\/03\/paralisacao_barrolandia001.jpg\"><img loading=\"lazy\" decoding=\"async\" class=\"aligncenter size-full wp-image-14219\" src=\"http:\/\/www.maisbn.com\/portal\/wp-content\/uploads\/2017\/03\/paralisacao_barrolandia001.jpg\" alt=\"paralisacao_barrolandia001\" width=\"650\" height=\"412\" \/><\/a><\/p>\n<p>A coordena\u00e7\u00e3o da APLB &#8211; Belmonte que apoiou a iniciativa colocou que a reforma \u00e9 danosa para os professores porque praticamente tira o direito desses profissionais de terem uma aposentadoria digna. &#8220;\u00c9<em> um dia de luta contra a reforma da previd\u00eancia, que, no caso dos professores, atinge brutalmente, porque perdemos direitos que foram conquistados depois de muita luta. Com a reforma, para um professor se aposentar integralmente, ele tem que come\u00e7ar a trabalhar aos 16 anos de idade.&#8221;<\/em>&#8211; Afirmou o Coordenador da APLB Igor Suzart Mega.<\/p>\n","protected":false},"excerpt":{"rendered":"<p>Profissionais da Educa\u00e7\u00e3o e comunidade de Barrol\u00e2ndia foram \u00e0s ruas nessa quarta-feira (15\/03) para participar do movimento em protesto contra a Reforma da Previd\u00eancia. O movimento, que est\u00e1 acontecendo em v\u00e1rios estados, envolvendo centrais sindicais e movimentos populares \u00e9 contra a aprova\u00e7\u00e3o da Proposta de Emenda Constitucional (PEC) n\u00ba 287\/2016 que muda as regras da [&hellip;]<\/p>\n","protected":false},"author":7,"featured_media":14218,"comment_status":"open","ping_status":"open","sticky":false,"template":"","format":"standard","meta":{"footnotes":""},"categories":[45,1],"tags":[108],"class_list":["post-14217","post","type-post","status-publish","format-standard","has-post-thumbnail","hentry","category-cidades","category-noticias","tag-belmonte"],"_links":{"self":[{"href":"https:\/\/www.maisbn.com\/portal\/wp-json\/wp\/v2\/posts\/14217","targetHints":{"allow":["GET"]}}],"collection":[{"href":"https:\/\/www.maisbn.com\/portal\/wp-json\/wp\/v2\/posts"}],"about":[{"href":"https:\/\/www.maisbn.com\/portal\/wp-json\/wp\/v2\/types\/post"}],"author":[{"embeddable":true,"href":"https:\/\/www.maisbn.com\/portal\/wp-json\/wp\/v2\/users\/7"}],"replies":[{"embeddable":true,"href":"https:\/\/www.maisbn.com\/portal\/wp-json\/wp\/v2\/comments?post=14217"}],"version-history":[{"count":1,"href":"https:\/\/www.maisbn.com\/portal\/wp-json\/wp\/v2\/posts\/14217\/revisions"}],"predecessor-version":[{"id":14220,"href":"https:\/\/www.maisbn.com\/portal\/wp-json\/wp\/v2\/posts\/14217\/revisions\/14220"}],"wp:featuredmedia":[{"embeddable":true,"href":"https:\/\/www.maisbn.com\/portal\/wp-json\/wp\/v2\/media\/14218"}],"wp:attachment":[{"href":"https:\/\/www.maisbn.com\/portal\/wp-json\/wp\/v2\/media?parent=14217"}],"wp:term":[{"taxonomy":"category","embeddable":true,"href":"https:\/\/www.maisbn.com\/portal\/wp-json\/wp\/v2\/categories?post=14217"},{"taxonomy":"post_tag","embeddable":true,"href":"https:\/\/www.maisbn.com\/portal\/wp-json\/wp\/v2\/tags?post=14217"}],"curies":[{"name":"wp","href":"https:\/\/api.w.org\/{rel}","templated":true}]}}