{"id":14214,"date":"2017-03-16T10:01:34","date_gmt":"2017-03-16T13:01:34","guid":{"rendered":"http:\/\/www.maisbn.com\/portal\/?p=14214"},"modified":"2017-03-16T10:01:34","modified_gmt":"2017-03-16T13:01:34","slug":"secretaria-de-assistencia-social-capacita-gestores-do-cras","status":"publish","type":"post","link":"https:\/\/www.maisbn.com\/portal\/2017\/03\/secretaria-de-assistencia-social-capacita-gestores-do-cras\/","title":{"rendered":"SECRETARIA DE ASSIST\u00caNCIA SOCIAL CAPACITA GESTORES DO CRAS."},"content":{"rendered":"<p><a href=\"http:\/\/www.maisbn.com\/portal\/wp-content\/uploads\/2017\/03\/treinamento_cras001.jpg\"><img loading=\"lazy\" decoding=\"async\" class=\"aligncenter size-full wp-image-14215\" src=\"http:\/\/www.maisbn.com\/portal\/wp-content\/uploads\/2017\/03\/treinamento_cras001.jpg\" alt=\"treinamento_cras001\" width=\"650\" height=\"412\" \/><\/a><\/p>\n<p>Na \u00faltima quarta-feira\u00a0 (15\/02\/2017) , a Secretaria de Assist\u00eancia Social junto com a Prefeitura Municipal de Belmonte realizou uma oficina de capacita\u00e7\u00e3o para gestores e t\u00e9cnicos da rede no CRAS recebendo os colaboradores do Bolsa Fam\u00edlia , CREAS ( Centro de Refer\u00eancia Especializdo de Assist\u00eancia Social) , Equipe Volante e Equipe CRAS &#8211; SEDE ( Centro de Refer\u00eancia De Assist\u00eancia Social)\u00a0, Sec. Educa\u00e7\u00e3o &#8211; (Coordenador do Bolsa Fam\u00edlia na Educa\u00e7\u00e3o ) , Sec. De Sa\u00fade &#8211; ( Coordenador do Bolsa Fam\u00edlia na Sa\u00fade ) , para capacita\u00e7\u00e3o voltada \u00e0 a\u00e7\u00f5es referente ao funcionamento do Cad\u00danico Bolsa Fam\u00edlia.O encontro teve como objetivo e proposta aprimorar os servi\u00e7os de atendimento disponibilizados para popula\u00e7\u00e3o.<\/p>\n<p>A capacita\u00e7\u00e3o foi coordenada pela Equipe T\u00e9cnica da Gest\u00e3o e CRAS , o momento foi proveitoso e pertinente para esclarecimentos a respeito da Pol\u00edtica Nacional de Assist\u00eancia Social e o papel dos munic\u00edpios na gest\u00e3o do SUAS em especifico o Cadastro \u00danico para Programas Sociais. Os temas abordados foram escolhidos de acordo com a demanda, onde os funcion\u00e1rios procuraram atender as necessidades da equipe. Buscando sempre promover capacita\u00e7\u00f5es motivacionais e din\u00e2micas para aproximar esses profissionais que est\u00e3o em contato direto com o usu\u00e1rio. O Prefeito Janival Andrade e o Secret\u00e1rio de Assist\u00eancia Social Claudio Soares tem promovido algumas capacita\u00e7\u00f5es para melhoria de atendimento dos servi\u00e7os p\u00fablicos.<\/p>\n<p><em>Informa\u00e7\u00f5es: ASCOM\/Prefeitura Municipal de Belmonte<\/em><\/p>\n","protected":false},"excerpt":{"rendered":"<p>Na \u00faltima quarta-feira\u00a0 (15\/02\/2017) , a Secretaria de Assist\u00eancia Social junto com a Prefeitura Municipal de Belmonte realizou uma oficina de capacita\u00e7\u00e3o para gestores e t\u00e9cnicos da rede no CRAS recebendo os colaboradores do Bolsa Fam\u00edlia , CREAS ( Centro de Refer\u00eancia Especializdo de Assist\u00eancia Social) , Equipe Volante e Equipe CRAS &#8211; SEDE ( [&hellip;]<\/p>\n","protected":false},"author":7,"featured_media":14215,"comment_status":"open","ping_status":"open","sticky":false,"template":"","format":"standard","meta":{"footnotes":""},"categories":[45,1],"tags":[108],"class_list":["post-14214","post","type-post","status-publish","format-standard","has-post-thumbnail","hentry","category-cidades","category-noticias","tag-belmonte"],"_links":{"self":[{"href":"https:\/\/www.maisbn.com\/portal\/wp-json\/wp\/v2\/posts\/14214","targetHints":{"allow":["GET"]}}],"collection":[{"href":"https:\/\/www.maisbn.com\/portal\/wp-json\/wp\/v2\/posts"}],"about":[{"href":"https:\/\/www.maisbn.com\/portal\/wp-json\/wp\/v2\/types\/post"}],"author":[{"embeddable":true,"href":"https:\/\/www.maisbn.com\/portal\/wp-json\/wp\/v2\/users\/7"}],"replies":[{"embeddable":true,"href":"https:\/\/www.maisbn.com\/portal\/wp-json\/wp\/v2\/comments?post=14214"}],"version-history":[{"count":1,"href":"https:\/\/www.maisbn.com\/portal\/wp-json\/wp\/v2\/posts\/14214\/revisions"}],"predecessor-version":[{"id":14216,"href":"https:\/\/www.maisbn.com\/portal\/wp-json\/wp\/v2\/posts\/14214\/revisions\/14216"}],"wp:featuredmedia":[{"embeddable":true,"href":"https:\/\/www.maisbn.com\/portal\/wp-json\/wp\/v2\/media\/14215"}],"wp:attachment":[{"href":"https:\/\/www.maisbn.com\/portal\/wp-json\/wp\/v2\/media?parent=14214"}],"wp:term":[{"taxonomy":"category","embeddable":true,"href":"https:\/\/www.maisbn.com\/portal\/wp-json\/wp\/v2\/categories?post=14214"},{"taxonomy":"post_tag","embeddable":true,"href":"https:\/\/www.maisbn.com\/portal\/wp-json\/wp\/v2\/tags?post=14214"}],"curies":[{"name":"wp","href":"https:\/\/api.w.org\/{rel}","templated":true}]}}