{"id":14211,"date":"2017-03-15T20:10:30","date_gmt":"2017-03-15T23:10:30","guid":{"rendered":"http:\/\/www.maisbn.com\/portal\/?p=14211"},"modified":"2017-03-15T20:10:30","modified_gmt":"2017-03-15T23:10:30","slug":"governo-do-estado-da-bahia-entrega-mais-uma-ambulancia-para-o-municipio-de-belmonte","status":"publish","type":"post","link":"https:\/\/www.maisbn.com\/portal\/2017\/03\/governo-do-estado-da-bahia-entrega-mais-uma-ambulancia-para-o-municipio-de-belmonte\/","title":{"rendered":"Governo do Estado da Bahia entrega mais uma ambul\u00e2ncia para o munic\u00edpio de Belmonte."},"content":{"rendered":"<p style=\"text-align: center;\"><a href=\"http:\/\/www.maisbn.com\/portal\/wp-content\/uploads\/2017\/03\/ambulancia_belmonte001.jpg\"><img loading=\"lazy\" decoding=\"async\" class=\"aligncenter size-full wp-image-14212\" src=\"http:\/\/www.maisbn.com\/portal\/wp-content\/uploads\/2017\/03\/ambulancia_belmonte001.jpg\" alt=\"ambulancia_belmonte001\" width=\"650\" height=\"412\" \/><\/a><em>Essa \u00e9 a segunda ambul\u00e2ncia doada pelo Governo do Estado da Bahia em menos de 30 dias.<\/em><\/p>\n<p>&nbsp;<\/p>\n<p>A parceria firmada entre a Prefeitura de Belmonte e o Governo do Estado da Bahia rendeu mais um fruto para o munic\u00edpio. Estamos falando da aquisi\u00e7\u00e3o de mais uma ambul\u00e2ncia para compor a frota que atende a sa\u00fade na cidade. O Deputado Estadual J\u00e2nio Natal e o Prefeito Janival Borges estiveram em Salvador pessoalmente para receber as chaves das m\u00e3os do Governador Rui Costa.<\/p>\n<p>Com a aquisi\u00e7\u00e3o Belmonte contabiliza 03 novas ambul\u00e2ncias, sendo que uma foi doada pela Veracel e duas adquiridas junto ao Governo do Estado da Bahia. &#8220;Essa ambul\u00e2ncia \u00e9 mais uma conquista e tudo isso s\u00f3 est\u00e1 acontecendo gra\u00e7as ao compromisso que eu e Janival temos com a nossa amada cidade.&#8221; &#8211; Comentou J\u00e2nio Natal.<\/p>\n<p>O Prefeito Janival Borges tamb\u00e9m se mostrou satisfeito com a aquisi\u00e7\u00e3o e comentou que ele e J\u00e2nio Natal est\u00e3o lutando para adquirir mais uma ambul\u00e2ncia. &#8220;Nosso objetivo \u00e9 renovar aos poucos a frota de ambul\u00e2ncias da nossa cidade que estava sucateada quando assumimos o governo. Eu e o Deputado J\u00e2nio Natal ainda lutaremos muito mais porque o nosso povo merece uma sa\u00fade de qualidade.&#8221; &#8211; Comentou Janival.<\/p>\n<p>&nbsp;<\/p>\n","protected":false},"excerpt":{"rendered":"<p>Essa \u00e9 a segunda ambul\u00e2ncia doada pelo Governo do Estado da Bahia em menos de 30 dias. &nbsp; A parceria firmada entre a Prefeitura de Belmonte e o Governo do Estado da Bahia rendeu mais um fruto para o munic\u00edpio. Estamos falando da aquisi\u00e7\u00e3o de mais uma ambul\u00e2ncia para compor a frota que atende a [&hellip;]<\/p>\n","protected":false},"author":7,"featured_media":14212,"comment_status":"open","ping_status":"open","sticky":false,"template":"","format":"standard","meta":{"footnotes":""},"categories":[1,28],"tags":[108],"class_list":["post-14211","post","type-post","status-publish","format-standard","has-post-thumbnail","hentry","category-noticias","category-saude-noticias","tag-belmonte"],"_links":{"self":[{"href":"https:\/\/www.maisbn.com\/portal\/wp-json\/wp\/v2\/posts\/14211","targetHints":{"allow":["GET"]}}],"collection":[{"href":"https:\/\/www.maisbn.com\/portal\/wp-json\/wp\/v2\/posts"}],"about":[{"href":"https:\/\/www.maisbn.com\/portal\/wp-json\/wp\/v2\/types\/post"}],"author":[{"embeddable":true,"href":"https:\/\/www.maisbn.com\/portal\/wp-json\/wp\/v2\/users\/7"}],"replies":[{"embeddable":true,"href":"https:\/\/www.maisbn.com\/portal\/wp-json\/wp\/v2\/comments?post=14211"}],"version-history":[{"count":1,"href":"https:\/\/www.maisbn.com\/portal\/wp-json\/wp\/v2\/posts\/14211\/revisions"}],"predecessor-version":[{"id":14213,"href":"https:\/\/www.maisbn.com\/portal\/wp-json\/wp\/v2\/posts\/14211\/revisions\/14213"}],"wp:featuredmedia":[{"embeddable":true,"href":"https:\/\/www.maisbn.com\/portal\/wp-json\/wp\/v2\/media\/14212"}],"wp:attachment":[{"href":"https:\/\/www.maisbn.com\/portal\/wp-json\/wp\/v2\/media?parent=14211"}],"wp:term":[{"taxonomy":"category","embeddable":true,"href":"https:\/\/www.maisbn.com\/portal\/wp-json\/wp\/v2\/categories?post=14211"},{"taxonomy":"post_tag","embeddable":true,"href":"https:\/\/www.maisbn.com\/portal\/wp-json\/wp\/v2\/tags?post=14211"}],"curies":[{"name":"wp","href":"https:\/\/api.w.org\/{rel}","templated":true}]}}