{"id":14201,"date":"2017-03-15T10:33:25","date_gmt":"2017-03-15T13:33:25","guid":{"rendered":"http:\/\/www.maisbn.com\/portal\/?p=14201"},"modified":"2017-03-15T10:33:25","modified_gmt":"2017-03-15T13:33:25","slug":"prefeito-janival-borges-participa-do-ii-encontro-de-coordenadores-da-educacao","status":"publish","type":"post","link":"https:\/\/www.maisbn.com\/portal\/2017\/03\/prefeito-janival-borges-participa-do-ii-encontro-de-coordenadores-da-educacao\/","title":{"rendered":"Prefeito Janival Borges participa do II Encontro de Coordenadores da Educa\u00e7\u00e3o."},"content":{"rendered":"<p>Aconteceu em Belmonte nessa ter\u00e7a-feira (14\/03) o II Encontro Encontro de Coordenadores da Educa\u00e7\u00e3o Municipal. O objetivo do evento foi inteirar os coordenadores dos tr\u00e2mites que ser\u00e3o adotados nas unidades escolares nesse ano letivo de 2017 e conversar com os mesmos sobre as iniciativas que a atual administra\u00e7\u00e3o quer implementar no objetivo de se obter uma melhor qualidade no ensino dos alunos da rede municipal.<\/p>\n<p><a href=\"http:\/\/www.maisbn.com\/portal\/wp-content\/uploads\/2017\/03\/encontrocoordenadores002.jpg\"><img loading=\"lazy\" decoding=\"async\" class=\"aligncenter size-full wp-image-14202\" src=\"http:\/\/www.maisbn.com\/portal\/wp-content\/uploads\/2017\/03\/encontrocoordenadores002.jpg\" alt=\"encontrocoordenadores002\" width=\"650\" height=\"412\" \/><\/a><\/p>\n<p>O Encontro tamb\u00e9m disponibilizou um espa\u00e7o para que os profissionais discutissem ideias de melhorias para os trabalhos. A Sr\u00aa. Gabriela, Diretora Pedag\u00f3gica, colocou que \u00e9 importante a participa\u00e7\u00e3o de todos na busca dos melhores resultados e que a Secretaria Municipal de Educa\u00e7\u00e3o est\u00e1 aberta para receber ideias inovadoras. &#8220;O nosso foco \u00e9 a uni\u00e3o e o comprometimento de todos os envolvidos para que tenhamos um ensino de qualidade que assegure a boa forma\u00e7\u00e3o dos nossos aluno.&#8221; &#8211; Finalizou a Diretora Pedag\u00f3gica.<\/p>\n<p>Quem tamb\u00e9m esteve presente foi o Prefeito Janival Borges, que veio acompanhado do Sr. Paulo Carvalho, Secret\u00e1rio Municipal de Educa\u00e7\u00e3o. Janival colocou que vem enfrentando dificuldades t\u00edpicas de todo come\u00e7o de governo e que est\u00e1 tomando iniciativas para sanar todas elas. O Prefeito tamb\u00e9m comentou que est\u00e1 aos poucos efetuando mudan\u00e7as e que o seu principal foco \u00e9 sanar as distor\u00e7\u00f5es que existem na folha de pagamento da Educa\u00e7\u00e3o. &#8220;N\u00f3s estamos debru\u00e7ados sobre esse problema porque n\u00e3o podemos extrapolar o \u00edndice de contrata\u00e7\u00e3o do Governo Municipal. Se isso acontecer, n\u00e3o conseguiremos trabalhar e diversos outros problemas podem acontecer. Por outro lado tamb\u00e9m n\u00e3o queremos que a qualidade da educa\u00e7\u00e3o em Belmonte caia. O nosso objetivo \u00e9 manter as despesas sobre controle para termos como investir em melhores condi\u00e7\u00f5es para os nossos alunos.&#8221;<\/p>\n<p><a href=\"http:\/\/www.maisbn.com\/portal\/wp-content\/uploads\/2017\/03\/encontrocoordenadores003.jpg\"><img loading=\"lazy\" decoding=\"async\" class=\"aligncenter size-full wp-image-14203\" src=\"http:\/\/www.maisbn.com\/portal\/wp-content\/uploads\/2017\/03\/encontrocoordenadores003.jpg\" alt=\"encontrocoordenadores003\" width=\"650\" height=\"412\" \/><\/a><\/p>\n<p>O Prefeito Janival Borges ainda comentou que est\u00e1 visitando as reformas das escolas e que algumas unidades j\u00e1 est\u00e3o prontas para o funcionamento. O mesmo ainda colocou que alguns pr\u00e9dios tiveram que fazer reformas gerais do telhado ao ch\u00e3o e que os trabalhos n\u00e3o atrapalhar\u00e3o o ano letivo. O Prefeito tamb\u00e9m anunciou que a merenda escolar j\u00e1 chegou e est\u00e1 sendo distribu\u00edda para as unidades escolares e que o atraso foi fruto de problemas burocr\u00e1ticos que j\u00e1 foram solucionados e n\u00e3o acontecer\u00e3o nos pr\u00f3ximos anos. &#8220;N\u00f3s estamos ainda come\u00e7ando o governo e essas situa\u00e7\u00f5es podem acontecer. O que eu quero deixar claro \u00e9 a minha vontade de trabalhar pela minha cidade e a minha meta \u00e9 implementar mudan\u00e7as para conseguirmos os melhores padr\u00f5es de qualidade na educa\u00e7\u00e3o da Costa do Descobrimento.&#8221; &#8211; Finalizou o Prefeito.<\/p>\n<p>O mandat\u00e1rio belmontense ainda anunciou aos coordenadores que estar\u00e1 indo a Salvador para visitar o Col\u00e9gio Militar do Ex\u00e9rcito e conhecer os m\u00e9todos de ensino da unidade no objetivo de colher ideias para serem implementadas no ensino municipal de Belmonte. O prefeito deixou claro que o objetivo n\u00e3o \u00e9 militarizar o ensino, e sim, entender o funcionamento e criar alternativas adaptadas \u00e0 realidade e caracter\u00edsticas do munic\u00edpio. &#8220;Os Col\u00e9gios Militares tem os melhores resultados de aprendizado do pa\u00eds e temos que aprender como isso funciona. L\u00f3gico que n\u00e3o temos como colocar em pr\u00e1tica um ensino nos moldes militares na educa\u00e7\u00e3o belmontense, mas podemos aprender e criar alternativas que tragam melhores resultados para a nossa educa\u00e7\u00e3o. \u00c9 esse o nosso objetivo.&#8221; &#8211; Finalizou Janival.<\/p>\n","protected":false},"excerpt":{"rendered":"<p>Aconteceu em Belmonte nessa ter\u00e7a-feira (14\/03) o II Encontro Encontro de Coordenadores da Educa\u00e7\u00e3o Municipal. O objetivo do evento foi inteirar os coordenadores dos tr\u00e2mites que ser\u00e3o adotados nas unidades escolares nesse ano letivo de 2017 e conversar com os mesmos sobre as iniciativas que a atual administra\u00e7\u00e3o quer implementar no objetivo de se obter [&hellip;]<\/p>\n","protected":false},"author":7,"featured_media":14203,"comment_status":"open","ping_status":"open","sticky":false,"template":"","format":"standard","meta":{"footnotes":""},"categories":[8,1],"tags":[44],"class_list":["post-14201","post","type-post","status-publish","format-standard","has-post-thumbnail","hentry","category-educacao","category-noticias","tag-belmonte-ba"],"_links":{"self":[{"href":"https:\/\/www.maisbn.com\/portal\/wp-json\/wp\/v2\/posts\/14201","targetHints":{"allow":["GET"]}}],"collection":[{"href":"https:\/\/www.maisbn.com\/portal\/wp-json\/wp\/v2\/posts"}],"about":[{"href":"https:\/\/www.maisbn.com\/portal\/wp-json\/wp\/v2\/types\/post"}],"author":[{"embeddable":true,"href":"https:\/\/www.maisbn.com\/portal\/wp-json\/wp\/v2\/users\/7"}],"replies":[{"embeddable":true,"href":"https:\/\/www.maisbn.com\/portal\/wp-json\/wp\/v2\/comments?post=14201"}],"version-history":[{"count":1,"href":"https:\/\/www.maisbn.com\/portal\/wp-json\/wp\/v2\/posts\/14201\/revisions"}],"predecessor-version":[{"id":14204,"href":"https:\/\/www.maisbn.com\/portal\/wp-json\/wp\/v2\/posts\/14201\/revisions\/14204"}],"wp:featuredmedia":[{"embeddable":true,"href":"https:\/\/www.maisbn.com\/portal\/wp-json\/wp\/v2\/media\/14203"}],"wp:attachment":[{"href":"https:\/\/www.maisbn.com\/portal\/wp-json\/wp\/v2\/media?parent=14201"}],"wp:term":[{"taxonomy":"category","embeddable":true,"href":"https:\/\/www.maisbn.com\/portal\/wp-json\/wp\/v2\/categories?post=14201"},{"taxonomy":"post_tag","embeddable":true,"href":"https:\/\/www.maisbn.com\/portal\/wp-json\/wp\/v2\/tags?post=14201"}],"curies":[{"name":"wp","href":"https:\/\/api.w.org\/{rel}","templated":true}]}}