{"id":14198,"date":"2017-03-15T11:13:11","date_gmt":"2017-03-15T14:13:11","guid":{"rendered":"http:\/\/www.maisbn.com\/portal\/?p=14198"},"modified":"2017-03-15T11:13:11","modified_gmt":"2017-03-15T14:13:11","slug":"vereador-alfredo-aberceb-cobra-solucoes-para-a-seguranca-publica-em-belmonte","status":"publish","type":"post","link":"https:\/\/www.maisbn.com\/portal\/2017\/03\/vereador-alfredo-aberceb-cobra-solucoes-para-a-seguranca-publica-em-belmonte\/","title":{"rendered":"Vereador Alfredo Aberceb cobra solu\u00e7\u00f5es para a seguran\u00e7a p\u00fablica em Belmonte."},"content":{"rendered":"<p><a href=\"http:\/\/www.maisbn.com\/portal\/wp-content\/uploads\/2017\/03\/sessao_camara002.jpg\"><img loading=\"lazy\" decoding=\"async\" class=\"aligncenter size-full wp-image-14199\" src=\"http:\/\/www.maisbn.com\/portal\/wp-content\/uploads\/2017\/03\/sessao_camara002.jpg\" alt=\"sessao_camara002\" width=\"650\" height=\"412\" \/><\/a><\/p>\n<p>O Vereador Alfredo Aberceb essa semana abordou mais uma vez a situa\u00e7\u00e3o ca\u00f3tica em que se encontra a seguran\u00e7a p\u00fablica belmontense em sess\u00e3o na C\u00e2mara Municipal de Vereadores na \u00faltima segunda-feira (13\/03). Alfredo cobrou da Prefeitura Municipal de Belmonte a transfer\u00eancia da sede da 5\u00aa Companhia de Policia Militar para um im\u00f3vel em melhores condi\u00e7\u00f5es de seguran\u00e7a e conforto para os policiais que atuam na cidade. O vereador tamb\u00e9m comentou que enviou of\u00edcio ao Sr. Mois\u00e9s Damasceno, Coordenador Regional da Policia Civil, pedindo mais dois agentes para atuarem nas investiga\u00e7\u00f5es em Belmonte.<\/p>\n<p><a href=\"http:\/\/www.maisbn.com\/portal\/wp-content\/uploads\/2017\/02\/vereador_alfredo001.jpg\"><img loading=\"lazy\" decoding=\"async\" class=\"aligncenter size-full wp-image-13890\" src=\"http:\/\/www.maisbn.com\/portal\/wp-content\/uploads\/2017\/02\/vereador_alfredo001.jpg\" alt=\"vereador_alfredo001\" width=\"650\" height=\"412\" \/><\/a><\/p>\n<p>Em conversa com nossa reportagem, Alfredo explicou que est\u00e1 preocupado com a atual situa\u00e7\u00e3o da seguran\u00e7a em Belmonte. &#8220;N\u00f3s temos que investir em nossos policiais. O nosso efetivo da Pol\u00edcia Militar \u00e9 pequeno, est\u00e3o alocados em um pr\u00e9dio inseguro e totalmente desconfort\u00e1vel e ainda arriscam a vida por n\u00f3s sem ter condi\u00e7\u00f5es de trabalho favor\u00e1veis. A Pol\u00edcia Civil tamb\u00e9m est\u00e1 sofrendo com a falta de estrutura e efetivo. O poder p\u00fablico municipal tem que intervir ou a nossa cidade vai chegar ao caos. A prova do que eu estou falando s\u00e3o os 05 homic\u00eddios que aconteceram em nossa cidade em apenas tr\u00eas meses, sem contar com os in\u00fameros assaltos e furtos \u00e0 resid\u00eancias e propriedades rurais. O tr\u00e1fico de drogas continua crescendo e se estruturando ou come\u00e7amos a dar uma resposta ou a situa\u00e7\u00e3o vai fugir do controle. Eu saliento ainda que a Policia Civil de Belmonte j\u00e1 tem o nome dos autores desses homic\u00eddios, est\u00e1 em campo para prende-los, mas os trabalhos seriam mais r\u00e1pidos se tiv\u00e9ssemos condi\u00e7\u00f5es melhores de trabalho.&#8221; &#8211; Finalizou o vereador.<\/p>\n","protected":false},"excerpt":{"rendered":"<p>O Vereador Alfredo Aberceb essa semana abordou mais uma vez a situa\u00e7\u00e3o ca\u00f3tica em que se encontra a seguran\u00e7a p\u00fablica belmontense em sess\u00e3o na C\u00e2mara Municipal de Vereadores na \u00faltima segunda-feira (13\/03). Alfredo cobrou da Prefeitura Municipal de Belmonte a transfer\u00eancia da sede da 5\u00aa Companhia de Policia Militar para um im\u00f3vel em melhores condi\u00e7\u00f5es [&hellip;]<\/p>\n","protected":false},"author":7,"featured_media":13890,"comment_status":"open","ping_status":"open","sticky":false,"template":"","format":"standard","meta":{"footnotes":""},"categories":[45,1],"tags":[101],"class_list":["post-14198","post","type-post","status-publish","format-standard","has-post-thumbnail","hentry","category-cidades","category-noticias","tag-belmonte-bahia-2"],"_links":{"self":[{"href":"https:\/\/www.maisbn.com\/portal\/wp-json\/wp\/v2\/posts\/14198","targetHints":{"allow":["GET"]}}],"collection":[{"href":"https:\/\/www.maisbn.com\/portal\/wp-json\/wp\/v2\/posts"}],"about":[{"href":"https:\/\/www.maisbn.com\/portal\/wp-json\/wp\/v2\/types\/post"}],"author":[{"embeddable":true,"href":"https:\/\/www.maisbn.com\/portal\/wp-json\/wp\/v2\/users\/7"}],"replies":[{"embeddable":true,"href":"https:\/\/www.maisbn.com\/portal\/wp-json\/wp\/v2\/comments?post=14198"}],"version-history":[{"count":2,"href":"https:\/\/www.maisbn.com\/portal\/wp-json\/wp\/v2\/posts\/14198\/revisions"}],"predecessor-version":[{"id":14208,"href":"https:\/\/www.maisbn.com\/portal\/wp-json\/wp\/v2\/posts\/14198\/revisions\/14208"}],"wp:featuredmedia":[{"embeddable":true,"href":"https:\/\/www.maisbn.com\/portal\/wp-json\/wp\/v2\/media\/13890"}],"wp:attachment":[{"href":"https:\/\/www.maisbn.com\/portal\/wp-json\/wp\/v2\/media?parent=14198"}],"wp:term":[{"taxonomy":"category","embeddable":true,"href":"https:\/\/www.maisbn.com\/portal\/wp-json\/wp\/v2\/categories?post=14198"},{"taxonomy":"post_tag","embeddable":true,"href":"https:\/\/www.maisbn.com\/portal\/wp-json\/wp\/v2\/tags?post=14198"}],"curies":[{"name":"wp","href":"https:\/\/api.w.org\/{rel}","templated":true}]}}