{"id":1417,"date":"2012-10-02T08:29:52","date_gmt":"2012-10-02T11:29:52","guid":{"rendered":"http:\/\/www.maisbn.com\/portal\/?p=1417"},"modified":"2012-10-02T08:29:52","modified_gmt":"2012-10-02T11:29:52","slug":"prefeitura-municipal-de-belmonte-inaugura-posto-de-saude-familiar-no-bairro-ponta-de-areia","status":"publish","type":"post","link":"https:\/\/www.maisbn.com\/portal\/2012\/10\/prefeitura-municipal-de-belmonte-inaugura-posto-de-saude-familiar-no-bairro-ponta-de-areia\/","title":{"rendered":"Prefeitura Municipal de Belmonte inaugura Posto de sa\u00fade Familiar no Bairro Ponta de Areia."},"content":{"rendered":"<p><a href=\"http:\/\/www.maisbn.com\/portal\/wp-content\/uploads\/2012\/10\/Ana_Martha_22.jpg\"><img loading=\"lazy\" decoding=\"async\" class=\"alignleft  wp-image-1418\" title=\"Ana_Martha_22\" src=\"http:\/\/www.maisbn.com\/portal\/wp-content\/uploads\/2012\/10\/Ana_Martha_22.jpg\" alt=\"\" width=\"250\" height=\"157\" srcset=\"https:\/\/www.maisbn.com\/portal\/wp-content\/uploads\/2012\/10\/Ana_Martha_22.jpg 652w, https:\/\/www.maisbn.com\/portal\/wp-content\/uploads\/2012\/10\/Ana_Martha_22-553x350.jpg 553w\" sizes=\"auto, (max-width: 250px) 100vw, 250px\" \/><\/a>Na tarde de ontem 01-10-12, foi inaugurado o Posto de Sa\u00fade Familiar (PSF) da Ponta de Areia que recebeu o nome da Ex-Coordenadora de Sa\u00fade de Belmonte Ana Martha Santos Homem d\u2019El-Rey que faleceu em 09\/03\/2010, aos 41 anos, num grave acidente na BR 101.<\/p>\n<p>&nbsp;<\/p>\n<p>A solenidade de inaugura\u00e7\u00e3o que tamb\u00e9m foi uma homenagem a Ana Martha contou com a presen\u00e7a do Prefeito da cidade I\u00eado Elias, todo o seu secretariado, alguns funcion\u00e1rios p\u00fablicos municipais, al\u00e9m do diretor do hospital e ex-marido de Ana Martha, Orlando Alves, conhecido como Zerinho, que estava acompanhado do filho do casal e de sua ex-cunhada Ana M\u00e1rcia Homem d\u2019 El-Rey, que leu emocionada uma mensagem enviada por sua m\u00e3e, que n\u00e3o p\u00f4de estar presente devido a problemas pessoais, onde ela agradeceu ao Prefeito, aos profissionais de sa\u00fade e a toda popula\u00e7\u00e3o belmontense pelo carinho e homenagem a sua filha Ana Martha.<\/p>\n<p><a href=\"http:\/\/www.maisbn.com\/portal\/wp-content\/uploads\/2012\/10\/Ana_Martha_20.jpg\"><img loading=\"lazy\" decoding=\"async\" class=\"alignright  wp-image-1419\" title=\"Ana_Martha_20\" src=\"http:\/\/www.maisbn.com\/portal\/wp-content\/uploads\/2012\/10\/Ana_Martha_20.jpg\" alt=\"\" width=\"391\" height=\"247\" srcset=\"https:\/\/www.maisbn.com\/portal\/wp-content\/uploads\/2012\/10\/Ana_Martha_20.jpg 652w, https:\/\/www.maisbn.com\/portal\/wp-content\/uploads\/2012\/10\/Ana_Martha_20-553x350.jpg 553w\" sizes=\"auto, (max-width: 391px) 100vw, 391px\" \/><\/a><\/p>\n<p>Orlando Alves muito nervoso e emocionado tamb\u00e9m falou um pouco sobre Ana Martha e os servi\u00e7os que ela prestou a comunidade belmontense. Em seguida I\u00eado fez uso da palavra onde afirmou que fez esta justa homenagem a Ana Martha por ela ter sido a percursora da atual pol\u00edtica de sa\u00fade no munic\u00edpio.<\/p>\n<p>&nbsp;<\/p>\n<p>O novo PSF que conta com onze salas, dentre elas um consult\u00f3rio odontol\u00f3gico todo equipado, oferece conforto tanto para os profissionais de sa\u00fade que ir\u00e3o atender, quanto para as pessoas que ser\u00e3o atendidas diariamente em suas instala\u00e7\u00f5es.<\/p>\n<p>&nbsp;<br \/>\n<a href=\"http:\/\/www.maisbn.com\/galerias\/115\" target=\"_blank\"><img decoding=\"async\" class=\"aligncenter\" src=\"http:\/\/www.belmontenews.com\/imagensFCK\/image\/galeria_fotos.gif\" alt=\"\" border=\"0\" \/><\/a><\/p>\n<p>&nbsp;<\/p>\n<p>&nbsp;<\/p>\n","protected":false},"excerpt":{"rendered":"<p>Na tarde de ontem 01-10-12, foi inaugurado o Posto de Sa\u00fade Familiar (PSF) da Ponta de Areia que recebeu o nome da Ex-Coordenadora de Sa\u00fade de Belmonte Ana Martha Santos Homem d\u2019El-Rey que faleceu em 09\/03\/2010, aos 41 anos, num grave acidente na BR 101. &nbsp; A solenidade de inaugura\u00e7\u00e3o que tamb\u00e9m foi uma homenagem [&hellip;]<\/p>\n","protected":false},"author":1,"featured_media":0,"comment_status":"closed","ping_status":"open","sticky":false,"template":"","format":"standard","meta":{"footnotes":""},"categories":[1,28],"tags":[234,235,233],"class_list":["post-1417","post","type-post","status-publish","format-standard","hentry","category-noticias","category-saude-noticias","tag-ana-martha","tag-ponta-de-areia","tag-posto-de-saude"],"_links":{"self":[{"href":"https:\/\/www.maisbn.com\/portal\/wp-json\/wp\/v2\/posts\/1417","targetHints":{"allow":["GET"]}}],"collection":[{"href":"https:\/\/www.maisbn.com\/portal\/wp-json\/wp\/v2\/posts"}],"about":[{"href":"https:\/\/www.maisbn.com\/portal\/wp-json\/wp\/v2\/types\/post"}],"author":[{"embeddable":true,"href":"https:\/\/www.maisbn.com\/portal\/wp-json\/wp\/v2\/users\/1"}],"replies":[{"embeddable":true,"href":"https:\/\/www.maisbn.com\/portal\/wp-json\/wp\/v2\/comments?post=1417"}],"version-history":[{"count":0,"href":"https:\/\/www.maisbn.com\/portal\/wp-json\/wp\/v2\/posts\/1417\/revisions"}],"wp:attachment":[{"href":"https:\/\/www.maisbn.com\/portal\/wp-json\/wp\/v2\/media?parent=1417"}],"wp:term":[{"taxonomy":"category","embeddable":true,"href":"https:\/\/www.maisbn.com\/portal\/wp-json\/wp\/v2\/categories?post=1417"},{"taxonomy":"post_tag","embeddable":true,"href":"https:\/\/www.maisbn.com\/portal\/wp-json\/wp\/v2\/tags?post=1417"}],"curies":[{"name":"wp","href":"https:\/\/api.w.org\/{rel}","templated":true}]}}