{"id":14136,"date":"2017-03-08T18:39:52","date_gmt":"2017-03-08T21:39:52","guid":{"rendered":"http:\/\/www.maisbn.com\/portal\/?p=14136"},"modified":"2017-03-08T18:39:52","modified_gmt":"2017-03-08T21:39:52","slug":"proden-inaugura-nova-sede-em-eunapolis","status":"publish","type":"post","link":"https:\/\/www.maisbn.com\/portal\/2017\/03\/proden-inaugura-nova-sede-em-eunapolis\/","title":{"rendered":"Proden inaugura Nova Sede em Eun\u00e1polis."},"content":{"rendered":"<p><a href=\"http:\/\/www.maisbn.com\/portal\/wp-content\/uploads\/2017\/03\/logo-PRODEN.jpg\"><img loading=\"lazy\" decoding=\"async\" class=\"aligncenter size-full wp-image-14137\" src=\"http:\/\/www.maisbn.com\/portal\/wp-content\/uploads\/2017\/03\/logo-PRODEN.jpg\" alt=\"logo-proden\" width=\"550\" height=\"187\" \/><\/a><i><\/i><\/p>\n<p>&nbsp;<\/p>\n<p><i>Com a nova estrutura, a Associa\u00e7\u00e3o fornecer\u00e1 maiores recursos ao setor empresarial da regi\u00e3o<\/i><\/p>\n<p>A Proden \u2013 Associa\u00e7\u00e3o Pr\u00f3-Desenvolvimento do Sul da Bahia, realizar\u00e1 a inaugura\u00e7\u00e3o da Nova Sede da entidade em Eun\u00e1polis, Bahia, na pr\u00f3xima sexta-feira (10\/03), \u00e0s 9h da manh\u00e3. A mudan\u00e7a de local busca atender aos associados e empres\u00e1rios de toda a regi\u00e3o do Sul e Extremo Sul da Bahia. Durante o evento ser\u00e3o realizadas apresenta\u00e7\u00f5es dos novos projetos da Associa\u00e7\u00e3o em busca do desenvolvimento econ\u00f4mico da regi\u00e3o de forma ordenada e sustent\u00e1vel.<\/p>\n<p>Fomentar o potencial m\u00e1ximo do empreendedorismo da regi\u00e3o, gerar empregos e renda de maneira sustent\u00e1vel. Esse \u00e9 o objetivo da Proden, que al\u00e9m de apoiar o empres\u00e1rios, contribui para o melhoramento da qualidade de vida das pessoas, unida \u00e0 determina\u00e7\u00e3o dos agentes envolvidos. Por conta disso, a Nova Sede \u00e9 equipada com recep\u00e7\u00e3o, ampla sala climatizada para reuni\u00f5es e palestras, espa\u00e7o para treinamento de mais de 40 pessoas, acesso \u00e0 internet (wifi), al\u00e9m da disponibiliza\u00e7\u00e3o gratuita para associados no uso das depend\u00eancias do pr\u00e9dio. Para os empres\u00e1rios que n\u00e3o fazem parte da Associa\u00e7\u00e3o, a Proden tamb\u00e9m estar\u00e1 disponibilizando reservas de loca\u00e7\u00e3o para eventos com a cobran\u00e7a de taxa, previamente agendados.<\/p>\n<p>Estar\u00e3o presentes no evento, al\u00e9m dos empres\u00e1rios e associados, representantes do poderes legislativo, judici\u00e1rio e executivo da regi\u00e3o e tamb\u00e9m da sociedade local. A Nova Sede est\u00e1 localizada na Avenida Conselheiro Luiz Viana, 1\u00ba andar \u2013 n\u00ba 482 \u2013 Centro de Eun\u00e1polis, BA. Para mais informa\u00e7\u00f5es, ligue: 73 3261 5625<\/p>\n<p><strong>Empresas associadas:<\/strong><\/p>\n<p><strong>\u00a02Tree Consultoria \/ Ag\u00eancia Vila\u00e7a Comunica\u00e7\u00e3o \/ Andritz \/ Atl\u00e2ntica Servi\u00e7os \/ BRALOG \/ Grupo Orletti Orvel \/ Hidrauman \/ JSL \/ Komatsu Forest \/ KTM \/ Macplan \/ Mesal Eunaman \/ Minera\u00e7\u00e3o S\u00e3o Vicente \/ Mosello Lima \/ Ponsse \/ RCG Construtora \/ RPS Contabilidade \/ Sollum \/ Trevo \/ Veracel Celulose S\/A<\/strong><\/p>\n","protected":false},"excerpt":{"rendered":"<p>&nbsp; Com a nova estrutura, a Associa\u00e7\u00e3o fornecer\u00e1 maiores recursos ao setor empresarial da regi\u00e3o A Proden \u2013 Associa\u00e7\u00e3o Pr\u00f3-Desenvolvimento do Sul da Bahia, realizar\u00e1 a inaugura\u00e7\u00e3o da Nova Sede da entidade em Eun\u00e1polis, Bahia, na pr\u00f3xima sexta-feira (10\/03), \u00e0s 9h da manh\u00e3. A mudan\u00e7a de local busca atender aos associados e empres\u00e1rios de toda [&hellip;]<\/p>\n","protected":false},"author":7,"featured_media":14137,"comment_status":"open","ping_status":"open","sticky":false,"template":"","format":"standard","meta":{"footnotes":""},"categories":[29,1],"tags":[108],"class_list":["post-14136","post","type-post","status-publish","format-standard","has-post-thumbnail","hentry","category-empreendimentos","category-noticias","tag-belmonte"],"_links":{"self":[{"href":"https:\/\/www.maisbn.com\/portal\/wp-json\/wp\/v2\/posts\/14136","targetHints":{"allow":["GET"]}}],"collection":[{"href":"https:\/\/www.maisbn.com\/portal\/wp-json\/wp\/v2\/posts"}],"about":[{"href":"https:\/\/www.maisbn.com\/portal\/wp-json\/wp\/v2\/types\/post"}],"author":[{"embeddable":true,"href":"https:\/\/www.maisbn.com\/portal\/wp-json\/wp\/v2\/users\/7"}],"replies":[{"embeddable":true,"href":"https:\/\/www.maisbn.com\/portal\/wp-json\/wp\/v2\/comments?post=14136"}],"version-history":[{"count":1,"href":"https:\/\/www.maisbn.com\/portal\/wp-json\/wp\/v2\/posts\/14136\/revisions"}],"predecessor-version":[{"id":14138,"href":"https:\/\/www.maisbn.com\/portal\/wp-json\/wp\/v2\/posts\/14136\/revisions\/14138"}],"wp:featuredmedia":[{"embeddable":true,"href":"https:\/\/www.maisbn.com\/portal\/wp-json\/wp\/v2\/media\/14137"}],"wp:attachment":[{"href":"https:\/\/www.maisbn.com\/portal\/wp-json\/wp\/v2\/media?parent=14136"}],"wp:term":[{"taxonomy":"category","embeddable":true,"href":"https:\/\/www.maisbn.com\/portal\/wp-json\/wp\/v2\/categories?post=14136"},{"taxonomy":"post_tag","embeddable":true,"href":"https:\/\/www.maisbn.com\/portal\/wp-json\/wp\/v2\/tags?post=14136"}],"curies":[{"name":"wp","href":"https:\/\/api.w.org\/{rel}","templated":true}]}}