{"id":14130,"date":"2017-03-08T17:20:28","date_gmt":"2017-03-08T20:20:28","guid":{"rendered":"http:\/\/www.maisbn.com\/portal\/?p=14130"},"modified":"2017-03-08T17:20:28","modified_gmt":"2017-03-08T20:20:28","slug":"preso-tenta-se-matar-dentro-da-carceragem-da-delegacia-de-belmonte","status":"publish","type":"post","link":"https:\/\/www.maisbn.com\/portal\/2017\/03\/preso-tenta-se-matar-dentro-da-carceragem-da-delegacia-de-belmonte\/","title":{"rendered":"Preso tenta se matar dentro da carceragem da Delegacia de Belmonte."},"content":{"rendered":"<p><a href=\"http:\/\/www.maisbn.com\/portal\/wp-content\/uploads\/2017\/03\/preso_suicidio001.jpg\"><img loading=\"lazy\" decoding=\"async\" class=\"aligncenter size-full wp-image-14131\" src=\"http:\/\/www.maisbn.com\/portal\/wp-content\/uploads\/2017\/03\/preso_suicidio001.jpg\" alt=\"preso_suicidio001\" width=\"650\" height=\"412\" \/><\/a><\/p>\n<p>Na manh\u00e3 dessa quarta-feira (08\/03) a Pol\u00edcia Militar de Belmonte foi chamada para atender uma tentativa de suic\u00eddio acontecida dentro da carceragem da Delegacia Territorial de Belmonte. O preso que tentou se suicidar foi identificado pelo nome de Nilson Manoel Matos (59 anos) e foi encontrado pendurado na cela pelo pesco\u00e7o por um cadar\u00e7o. O fato s\u00f3 n\u00e3o foi consumado porque outro detento chamou o carcereiro que veio com uma faca e cortou o artefato liberando a v\u00edtima. Uma ambul\u00e2ncia foi chamada ao local para atender o detento, foram feitos os primeiros procedimentos no local e n\u00e3o precisou remover o mesmo para o Hospital Dr. Jos\u00e9 da Costa Pinto Dantas.<\/p>\n<p>A Pol\u00edcia Civil informou que Nilson tem problemas mentais, era alco\u00f3latra e vinha apresentando um quadro de depress\u00e3o. O detento \u00e9 acompanhado pelo CAPS e estava preso em um cela individual por apresentar riscos para a vida dele e para a de outros presos. O Delegado Dr. Wendel informou \u00e0 nossa equipe que Nilson foi medicado nessa manh\u00e3\u00a0 e que encontra-se em um quadro de estabilidade de comportamento. O Delegado ainda salientou que os laudos psiqui\u00e1tricos j\u00e1 foram anexados ao processo e que o mesmo j\u00e1 avisou \u00e0 justi\u00e7a que a Delegacia de Belmonte n\u00e3o tem condi\u00e7\u00f5es de abrigar esse tipo de preso. &#8220;Espero agora uma decis\u00e3o judicial para que possamos resolver o mais r\u00e1pido poss\u00edvel essa situa\u00e7\u00e3o.&#8221; &#8211; Finalizou Dr. Wendel.<\/p>\n<p>Nilson Manoel Matos est\u00e1 detido por ter incendiado uma casa. Na ocasi\u00e3o o mesmo foi preso em flagrante por policiais que atenderam a solicita\u00e7\u00e3o feita pela dona da resid\u00eancia.<\/p>\n","protected":false},"excerpt":{"rendered":"<p>Na manh\u00e3 dessa quarta-feira (08\/03) a Pol\u00edcia Militar de Belmonte foi chamada para atender uma tentativa de suic\u00eddio acontecida dentro da carceragem da Delegacia Territorial de Belmonte. O preso que tentou se suicidar foi identificado pelo nome de Nilson Manoel Matos (59 anos) e foi encontrado pendurado na cela pelo pesco\u00e7o por um cadar\u00e7o. O [&hellip;]<\/p>\n","protected":false},"author":7,"featured_media":14131,"comment_status":"open","ping_status":"open","sticky":false,"template":"","format":"standard","meta":{"footnotes":""},"categories":[1,16],"tags":[108],"class_list":["post-14130","post","type-post","status-publish","format-standard","has-post-thumbnail","hentry","category-noticias","category-policial","tag-belmonte"],"_links":{"self":[{"href":"https:\/\/www.maisbn.com\/portal\/wp-json\/wp\/v2\/posts\/14130","targetHints":{"allow":["GET"]}}],"collection":[{"href":"https:\/\/www.maisbn.com\/portal\/wp-json\/wp\/v2\/posts"}],"about":[{"href":"https:\/\/www.maisbn.com\/portal\/wp-json\/wp\/v2\/types\/post"}],"author":[{"embeddable":true,"href":"https:\/\/www.maisbn.com\/portal\/wp-json\/wp\/v2\/users\/7"}],"replies":[{"embeddable":true,"href":"https:\/\/www.maisbn.com\/portal\/wp-json\/wp\/v2\/comments?post=14130"}],"version-history":[{"count":1,"href":"https:\/\/www.maisbn.com\/portal\/wp-json\/wp\/v2\/posts\/14130\/revisions"}],"predecessor-version":[{"id":14132,"href":"https:\/\/www.maisbn.com\/portal\/wp-json\/wp\/v2\/posts\/14130\/revisions\/14132"}],"wp:featuredmedia":[{"embeddable":true,"href":"https:\/\/www.maisbn.com\/portal\/wp-json\/wp\/v2\/media\/14131"}],"wp:attachment":[{"href":"https:\/\/www.maisbn.com\/portal\/wp-json\/wp\/v2\/media?parent=14130"}],"wp:term":[{"taxonomy":"category","embeddable":true,"href":"https:\/\/www.maisbn.com\/portal\/wp-json\/wp\/v2\/categories?post=14130"},{"taxonomy":"post_tag","embeddable":true,"href":"https:\/\/www.maisbn.com\/portal\/wp-json\/wp\/v2\/tags?post=14130"}],"curies":[{"name":"wp","href":"https:\/\/api.w.org\/{rel}","templated":true}]}}