{"id":14091,"date":"2017-03-03T19:50:15","date_gmt":"2017-03-03T22:50:15","guid":{"rendered":"http:\/\/www.maisbn.com\/portal\/?p=14091"},"modified":"2017-03-03T19:51:48","modified_gmt":"2017-03-03T22:51:48","slug":"bandidos-assaltam-ceramica-em-barrolandia-e-levam-pertences-de-funcionarios","status":"publish","type":"post","link":"https:\/\/www.maisbn.com\/portal\/2017\/03\/bandidos-assaltam-ceramica-em-barrolandia-e-levam-pertences-de-funcionarios\/","title":{"rendered":"Bandidos assaltam cer\u00e2mica em Barrol\u00e2ndia e levam pertences de funcion\u00e1rios."},"content":{"rendered":"<p><a href=\"http:\/\/www.maisbn.com\/portal\/wp-content\/uploads\/2015\/11\/barrolandia.jpg\"><img loading=\"lazy\" decoding=\"async\" class=\"aligncenter size-full wp-image-9405\" src=\"http:\/\/www.maisbn.com\/portal\/wp-content\/uploads\/2015\/11\/barrolandia.jpg\" alt=\"barrolandia\" width=\"405\" height=\"270\" \/><\/a><\/p>\n<p>Barrol\u00e2ndia foi palco de mais uma ocorr\u00eancia violenta na tarde dessa sexta-feira (03\/03). O fato aconteceu em uma cer\u00e2mica pr\u00f3xima \u00e0 CEPLAC onde dois homens armados com um revolver invadiram o estabelecimento, renderam os funcion\u00e1rios e levaram os seus pertences. Os bandidos estavam a bordo de uma moto Bros de cor branca e na fuga levaram uma Pickup Strada Branca de Placa Policial PKA-7740 de propriedade do dono da cer\u00e2mica.<\/p>\n<p>A Pol\u00edcia Militar de Barrol\u00e2ndia efetuou buscas at\u00e9 o entroncamento da BR-101 onde foi informada por pessoas que passavam no local que o ve\u00edculo teria seguido sentido ao munic\u00edpio de Eun\u00e1polis. Informa\u00e7\u00f5es conseguidas por nossa reportagem constam que essa Strada Branca foi vista entrando no Bairro Juca Rosa em Eun\u00e1polis.<\/p>\n<p>As for\u00e7as policiais prosseguem com a investiga\u00e7\u00e3o para descobrir a identidade e o paradeiro dos dois assaltantes. A dire\u00e7\u00e3o da cer\u00e2mica n\u00e3o informou at\u00e9 o momento se houve valores roubados da empresa.<\/p>\n","protected":false},"excerpt":{"rendered":"<p>Barrol\u00e2ndia foi palco de mais uma ocorr\u00eancia violenta na tarde dessa sexta-feira (03\/03). O fato aconteceu em uma cer\u00e2mica pr\u00f3xima \u00e0 CEPLAC onde dois homens armados com um revolver invadiram o estabelecimento, renderam os funcion\u00e1rios e levaram os seus pertences. Os bandidos estavam a bordo de uma moto Bros de cor branca e na fuga [&hellip;]<\/p>\n","protected":false},"author":7,"featured_media":9405,"comment_status":"open","ping_status":"open","sticky":false,"template":"","format":"standard","meta":{"footnotes":""},"categories":[1,16],"tags":[108],"class_list":["post-14091","post","type-post","status-publish","format-standard","has-post-thumbnail","hentry","category-noticias","category-policial","tag-belmonte"],"_links":{"self":[{"href":"https:\/\/www.maisbn.com\/portal\/wp-json\/wp\/v2\/posts\/14091","targetHints":{"allow":["GET"]}}],"collection":[{"href":"https:\/\/www.maisbn.com\/portal\/wp-json\/wp\/v2\/posts"}],"about":[{"href":"https:\/\/www.maisbn.com\/portal\/wp-json\/wp\/v2\/types\/post"}],"author":[{"embeddable":true,"href":"https:\/\/www.maisbn.com\/portal\/wp-json\/wp\/v2\/users\/7"}],"replies":[{"embeddable":true,"href":"https:\/\/www.maisbn.com\/portal\/wp-json\/wp\/v2\/comments?post=14091"}],"version-history":[{"count":3,"href":"https:\/\/www.maisbn.com\/portal\/wp-json\/wp\/v2\/posts\/14091\/revisions"}],"predecessor-version":[{"id":14094,"href":"https:\/\/www.maisbn.com\/portal\/wp-json\/wp\/v2\/posts\/14091\/revisions\/14094"}],"wp:featuredmedia":[{"embeddable":true,"href":"https:\/\/www.maisbn.com\/portal\/wp-json\/wp\/v2\/media\/9405"}],"wp:attachment":[{"href":"https:\/\/www.maisbn.com\/portal\/wp-json\/wp\/v2\/media?parent=14091"}],"wp:term":[{"taxonomy":"category","embeddable":true,"href":"https:\/\/www.maisbn.com\/portal\/wp-json\/wp\/v2\/categories?post=14091"},{"taxonomy":"post_tag","embeddable":true,"href":"https:\/\/www.maisbn.com\/portal\/wp-json\/wp\/v2\/tags?post=14091"}],"curies":[{"name":"wp","href":"https:\/\/api.w.org\/{rel}","templated":true}]}}