{"id":14085,"date":"2017-03-03T19:28:57","date_gmt":"2017-03-03T22:28:57","guid":{"rendered":"http:\/\/www.maisbn.com\/portal\/?p=14085"},"modified":"2017-03-03T19:28:57","modified_gmt":"2017-03-03T22:28:57","slug":"bandidos-aterrorizam-a-zona-rural-belmontense-deixando-produtores-amedrontados","status":"publish","type":"post","link":"https:\/\/www.maisbn.com\/portal\/2017\/03\/bandidos-aterrorizam-a-zona-rural-belmontense-deixando-produtores-amedrontados\/","title":{"rendered":"Bandidos aterrorizam a zona rural belmontense deixando produtores amedrontados."},"content":{"rendered":"<div id=\"attachment_14087\" style=\"width: 660px\" class=\"wp-caption aligncenter\"><a href=\"http:\/\/www.maisbn.com\/portal\/wp-content\/uploads\/2017\/03\/vaca_roubada001.jpg\"><img loading=\"lazy\" decoding=\"async\" aria-describedby=\"caption-attachment-14087\" class=\"wp-image-14087 size-full\" src=\"http:\/\/www.maisbn.com\/portal\/wp-content\/uploads\/2017\/03\/vaca_roubada001.jpg\" alt=\"vaca_roubada001\" width=\"650\" height=\"412\" \/><\/a><p id=\"caption-attachment-14087\" class=\"wp-caption-text\">Restos Mortais da Vaca abatida pelos bandidos.<\/p><\/div>\n<p>Aconteceu na madrugada dessa sexta-feira (03\/03) mais um triste cap\u00edtulo da viol\u00eancia e da criminalidade que tem causado medo aos produtores rurais belmontenses. Estamos falando do furto de uma vaca em uma propriedade rural pr\u00f3xima \u00e0 estrada da CETEL. Os bandidos foram t\u00e3o ousados que abateram o animal ainda no local deixando para tr\u00e1s apenas o couro, a cabe\u00e7a e as entranhas do animal. A propriedade e a vaca pertencem \u00e0 fam\u00edlia do ex-jogador Faf\u00e1 Borges. Em conversa com nossa reportagem o mesmo comentou que j\u00e1 participou o fato \u00e0s autoridades policiais e que est\u00e1 revoltado com a situa\u00e7\u00e3o em que se encontra a zona rural belmontense.<\/p>\n<div id=\"attachment_14088\" style=\"width: 660px\" class=\"wp-caption aligncenter\"><a href=\"http:\/\/www.maisbn.com\/portal\/wp-content\/uploads\/2017\/03\/vaca_roubada002.jpg\"><img loading=\"lazy\" decoding=\"async\" aria-describedby=\"caption-attachment-14088\" class=\"wp-image-14088 size-full\" src=\"http:\/\/www.maisbn.com\/portal\/wp-content\/uploads\/2017\/03\/vaca_roubada002.jpg\" alt=\"vaca_roubada002\" width=\"650\" height=\"412\" \/><\/a><p id=\"caption-attachment-14088\" class=\"wp-caption-text\">Restos Mortais da vaca abatida pelos bandidos<\/p><\/div>\n<p>Nossa equipe ainda apurou que esse caso n\u00e3o \u00e9 o \u00fanico e diversos produtores rurais est\u00e3o reclamando que as investidas dos bandidos est\u00e3o aumentando a cada dia. Um agricultor que n\u00e3o quis se identificar entrou em contato com nossa reportagem e relatou que os produtores pr\u00f3ximos \u00e0s margens do Rio Jequitinhonha vivem com medo. Segundo ele, a regi\u00e3o virou passagem e esconderijo de bandidos que invadem as propriedades e at\u00e9 for\u00e7am os moradores a acoberta-los.<strong><em>&#8220;A zona rural de Belmonte est\u00e1 uma terra sem lei. O policiamento n\u00e3o nos assiste e estamos a merc\u00ea dos bandidos.&#8221;<\/em> <\/strong> &#8211; Comentou o agricultor.\u00a0 A situa\u00e7\u00e3o ainda \u00e9 cr\u00edtica na regi\u00e3o dos povoados do UB\u00da, Projeto Pia\u00e7ava, Petrol\u00e2ndia e Brejinhos onde os produtores relatam casos parecidos onde bandidos invadem as propriedades para roubar.<\/p>\n<div id=\"attachment_13268\" style=\"width: 490px\" class=\"wp-caption aligncenter\"><a href=\"http:\/\/www.maisbn.com\/portal\/wp-content\/uploads\/2016\/12\/agricultormorto.jpg\"><img loading=\"lazy\" decoding=\"async\" aria-describedby=\"caption-attachment-13268\" class=\"size-full wp-image-13268\" src=\"http:\/\/www.maisbn.com\/portal\/wp-content\/uploads\/2016\/12\/agricultormorto.jpg\" alt=\"Id\u00e1lio Campos dos Santos. Agricultor morto por bandidos em Dezembro.\" width=\"480\" height=\"280\" \/><\/a><p id=\"caption-attachment-13268\" class=\"wp-caption-text\">Id\u00e1lio Campos dos Santos. Agricultor morto por bandidos em Dezembro.<\/p><\/div>\n<p>Muitos agricultores comentaram com nossa reportagem que est\u00e3o acuados, temem pela pr\u00f3pria vida e citaram como exemplo o caso do agricultor Id\u00e1lio Campos dos Santos (56 anos) morto a tiros e golpes de fac\u00e3o em dezembro do ano passado em sua propriedade \u00e0s margens do Rio Jequitinhonha. A Pol\u00edcia Militar, com informa\u00e7\u00f5es levantadas pela Pol\u00edcia Civil, ainda conseguiu prender um dos autores do homic\u00eddios, mas os outros dois envolvidos continuam soltos e transitando pela regi\u00e3o. &#8220;<strong><em>Minha fam\u00edlia n\u00e3o mora mais comigo em minha propriedade e eu ainda estou l\u00e1 porque n\u00e3o acho ningu\u00e9m para tomar conta, pois at\u00e9 os trabalhadores temem dormir nas fazendas com medo dos bandidos.&#8221;<\/em> <\/strong>&#8211; Comentou outro agricultor que n\u00e3o quis o seu nome divulgado na reportagem.<\/p>\n<p>&nbsp;<\/p>\n<p>&nbsp;<\/p>\n<p>&nbsp;<\/p>\n","protected":false},"excerpt":{"rendered":"<p>Aconteceu na madrugada dessa sexta-feira (03\/03) mais um triste cap\u00edtulo da viol\u00eancia e da criminalidade que tem causado medo aos produtores rurais belmontenses. Estamos falando do furto de uma vaca em uma propriedade rural pr\u00f3xima \u00e0 estrada da CETEL. Os bandidos foram t\u00e3o ousados que abateram o animal ainda no local deixando para tr\u00e1s apenas [&hellip;]<\/p>\n","protected":false},"author":7,"featured_media":14089,"comment_status":"open","ping_status":"open","sticky":false,"template":"","format":"standard","meta":{"footnotes":""},"categories":[1,16],"tags":[435],"class_list":["post-14085","post","type-post","status-publish","format-standard","has-post-thumbnail","hentry","category-noticias","category-policial","tag-belmonte-bahia-3"],"_links":{"self":[{"href":"https:\/\/www.maisbn.com\/portal\/wp-json\/wp\/v2\/posts\/14085","targetHints":{"allow":["GET"]}}],"collection":[{"href":"https:\/\/www.maisbn.com\/portal\/wp-json\/wp\/v2\/posts"}],"about":[{"href":"https:\/\/www.maisbn.com\/portal\/wp-json\/wp\/v2\/types\/post"}],"author":[{"embeddable":true,"href":"https:\/\/www.maisbn.com\/portal\/wp-json\/wp\/v2\/users\/7"}],"replies":[{"embeddable":true,"href":"https:\/\/www.maisbn.com\/portal\/wp-json\/wp\/v2\/comments?post=14085"}],"version-history":[{"count":2,"href":"https:\/\/www.maisbn.com\/portal\/wp-json\/wp\/v2\/posts\/14085\/revisions"}],"predecessor-version":[{"id":14090,"href":"https:\/\/www.maisbn.com\/portal\/wp-json\/wp\/v2\/posts\/14085\/revisions\/14090"}],"wp:featuredmedia":[{"embeddable":true,"href":"https:\/\/www.maisbn.com\/portal\/wp-json\/wp\/v2\/media\/14089"}],"wp:attachment":[{"href":"https:\/\/www.maisbn.com\/portal\/wp-json\/wp\/v2\/media?parent=14085"}],"wp:term":[{"taxonomy":"category","embeddable":true,"href":"https:\/\/www.maisbn.com\/portal\/wp-json\/wp\/v2\/categories?post=14085"},{"taxonomy":"post_tag","embeddable":true,"href":"https:\/\/www.maisbn.com\/portal\/wp-json\/wp\/v2\/tags?post=14085"}],"curies":[{"name":"wp","href":"https:\/\/api.w.org\/{rel}","templated":true}]}}