{"id":14075,"date":"2017-03-02T15:57:48","date_gmt":"2017-03-02T18:57:48","guid":{"rendered":"http:\/\/www.maisbn.com\/portal\/?p=14075"},"modified":"2017-03-02T15:57:48","modified_gmt":"2017-03-02T18:57:48","slug":"policias-militar-e-civil-comemoram-os-dados-de-seguranca-do-carnaval-2017-em-belmonte","status":"publish","type":"post","link":"https:\/\/www.maisbn.com\/portal\/2017\/03\/policias-militar-e-civil-comemoram-os-dados-de-seguranca-do-carnaval-2017-em-belmonte\/","title":{"rendered":"Pol\u00edcias Militar e Civil comemoram os dados de seguran\u00e7a do Carnaval 2017 em Belmonte."},"content":{"rendered":"<p>O aparato de seguran\u00e7a montado pelas Pol\u00edcias Civil e Militar em parceria com a Prefeitura Municipal de Belmonte surtiu efeito e as estat\u00edsticas da cidade durante os 05 dias de folia foi a menor da Costa do Descobrimento. Segundo Alfredo Aberceb, Chefe o Setor de Investiga\u00e7\u00e3o da Delegacia de Belmonte, os bons resultados foram conseguidos gra\u00e7as ao empenho das equipes de seguran\u00e7a no servi\u00e7o de policiamento da cidade.<\/p>\n<p><a href=\"http:\/\/www.maisbn.com\/portal\/wp-content\/uploads\/2015\/06\/delegacia_belmonte.jpg\"><img loading=\"lazy\" decoding=\"async\" class=\"aligncenter size-full wp-image-7890\" src=\"http:\/\/www.maisbn.com\/portal\/wp-content\/uploads\/2015\/06\/delegacia_belmonte.jpg\" alt=\"delegacia_belmonte\" width=\"640\" height=\"360\" \/><\/a><\/p>\n<p>No caso da Pol\u00edcia Civil, sob o comando do Delegado Dr. Wendel Ferreira Santos, foi trazido um contingente de refor\u00e7o para a festa e uma mini-delegacia foi montada na pra\u00e7a principal do carnaval para serem feitos os registros de ocorr\u00eancias e as poss\u00edveis pris\u00f5es. &#8220;Durante todo o carnaval a Policia Civil funcionou por 24 Horas e realizamos opera\u00e7\u00f5es para coibir o tr\u00e1fico de drogas na cidade que \u00e9 a principal causa da viol\u00eancia em Belmonte. Os dados mostram que conseguimos o nosso objetivo de trazer uma festa de paz para todos. Agora estamos trabalhando para melhorar ainda mais os resultados e garantir a tranquilidade da comunidade.&#8221; &#8211; Comentou Alfredo.<\/p>\n<p><a href=\"http:\/\/www.maisbn.com\/portal\/wp-content\/uploads\/2016\/08\/viaturanova900001.jpg\"><img loading=\"lazy\" decoding=\"async\" class=\"aligncenter size-full wp-image-12066\" src=\"http:\/\/www.maisbn.com\/portal\/wp-content\/uploads\/2016\/08\/viaturanova900001.jpg\" alt=\"viaturanova900001\" width=\"650\" height=\"412\" \/><\/a><\/p>\n<p>A Pol\u00edcia Militar tamb\u00e9m teve o seu contingente refor\u00e7ado durante a folia onde o 8\u00ba Batalh\u00e3o de Pol\u00edcia Militar disponibilizou um grande efetivo para garantir o policiamento do Arrast\u00e3o e da festa no per\u00edodo da noite. Belmonte ainda contou com a presen\u00e7a de viaturas da CIPE &#8211; MATA ATL\u00c2NTICA (CAEMA) fazendo o policiamento nos arredores dos locais da festa juntamente com as viaturas de Belmonte e Barrol\u00e2ndia. Todo o aparato montado pela Policia Militar contou com o apoio da Prefeitura Municipal de Belmonte. &#8220;N\u00f3s cumprimos a nossa miss\u00e3o e nenhum delito grave foi cometido no circuito do carnaval porque o nosso pessoal de servi\u00e7o esteve a todo o tempo atento e agindo com rapidez para coibir qualquer anormalidade. A nossa meta agora \u00e9 melhorar ainda mais os resultados nas pr\u00f3ximas festas de grande porte da cidade e proporcionar que os foli\u00f5es brinquem em paz.&#8221; &#8211; Comentou Tenente Lago, Comandante da 5\u00aa CIA\/Belmonte.<\/p>\n<p>Segue abaixo os resultados das estat\u00edsticas na \u00edntegra:<\/p>\n<p>Estatistica do Carnaval de Belmonte 2017<\/p>\n<p><strong>CARNAVAL DE BELMONTE<\/strong><br \/>\n<strong>Dia 24\/02\/2017 &#8211; SEXTA FEIRA<\/strong><\/p>\n<p><em><strong>REGISTROS:<\/strong><\/em><br \/>\n01 les\u00e3o corporal<br \/>\n02 Provoca\u00e7\u00e3o de Tumulto<br \/>\n01 Outras ocorr\u00eancia n\u00e3o relacionadas \/ suspeito de furto<\/p>\n<p><strong><em>PROCEDIMENTOS:<\/em><\/strong><br \/>\n01 TCO por les\u00e3o<br \/>\n01 conduzido pela PC<br \/>\n03 conduzidos pela PM<\/p>\n<p><strong>*CARNAVAL DE BELMONTE &#8211; dia 25\/02\/17 &#8211; S\u00c1BADO<\/strong><\/p>\n<p><strong><em>REGISTROS:<\/em><\/strong><br \/>\n00 ocorr\u00eancias delituosas;<br \/>\n00 ocorr\u00eancias n\u00e3o delituosas;<\/p>\n<p><em><strong>PROCEDIMENTOS:<\/strong><\/em><br \/>\nNenhum procedimento formalizado;<br \/>\nNenhuma condu\u00e7\u00e3o pela PM ou CIVIL;<\/p>\n<p><strong>*CARNAVAL DE BELMONTE &#8211; dia 26\/02\/17 &#8211; DOMINGO<\/strong><\/p>\n<p><strong><em>REGISTROS:<\/em><\/strong><br \/>\n00 ocorr\u00eancias delituosas;<br \/>\n00 ocorr\u00eancias n\u00e3o delituosas;<\/p>\n<p><em><strong>PROCEDIMENTOS:<\/strong><\/em><br \/>\nNenhum procedimento formalizado;<br \/>\nNenhuma condu\u00e7\u00e3o pela PM ou CIVIL;<\/p>\n<p>Fonte: Equipe de estat\u00edstica.<\/p>\n<p><strong>CARNAVAL DE BELMONTE &#8211; dia 27\/02\/17 &#8211; SEGUNDA FEIRA<\/strong><\/p>\n<p><strong><em>REGISTROS:<\/em><\/strong><br \/>\n01 ocorr\u00eancias delituosa;<br \/>\n00 ocorr\u00eancias n\u00e3o delituosas;<\/p>\n<p><strong>P<em>ROCEDIMENTOS:<\/em><\/strong><br \/>\n01 TCO lavrado &#8211; Crime de Les\u00e3o Corporal Leve;<br \/>\n03 Detidos e conduzidos pela Policia CIVIL;<br \/>\n00 Pol\u00edcia Militar;<\/p>\n<p>Fonte: Equipe de estat\u00edstica.<\/p>\n<p><strong>CARNAVAL DE BELMONTE &#8211; dia 28\/02\/17 &#8211; TER\u00c7A FEIRA<\/strong><\/p>\n<p><strong><em>REGISTROS:<\/em><\/strong><br \/>\n01 ocorr\u00eancias delituosa;<br \/>\n00 ocorr\u00eancias n\u00e3o delituosas;<\/p>\n<p><strong><em>PROCEDIMENTOS:<\/em><\/strong><br \/>\n01 APF lavrado &#8211; Crime de Furto Simples;(objeto recuperado: um telefone celular)<br \/>\n01 Detido, conduzido e preso pela Policia CIVIL;<br \/>\n00 Pol\u00edcia Militar;<\/p>\n<p>Fonte: Equipe de estat\u00edstica.<\/p>\n<p>&nbsp;<\/p>\n","protected":false},"excerpt":{"rendered":"<p>O aparato de seguran\u00e7a montado pelas Pol\u00edcias Civil e Militar em parceria com a Prefeitura Municipal de Belmonte surtiu efeito e as estat\u00edsticas da cidade durante os 05 dias de folia foi a menor da Costa do Descobrimento. Segundo Alfredo Aberceb, Chefe o Setor de Investiga\u00e7\u00e3o da Delegacia de Belmonte, os bons resultados foram conseguidos [&hellip;]<\/p>\n","protected":false},"author":7,"featured_media":7890,"comment_status":"open","ping_status":"open","sticky":false,"template":"","format":"standard","meta":{"footnotes":""},"categories":[1,16],"tags":[108],"class_list":["post-14075","post","type-post","status-publish","format-standard","has-post-thumbnail","hentry","category-noticias","category-policial","tag-belmonte"],"_links":{"self":[{"href":"https:\/\/www.maisbn.com\/portal\/wp-json\/wp\/v2\/posts\/14075","targetHints":{"allow":["GET"]}}],"collection":[{"href":"https:\/\/www.maisbn.com\/portal\/wp-json\/wp\/v2\/posts"}],"about":[{"href":"https:\/\/www.maisbn.com\/portal\/wp-json\/wp\/v2\/types\/post"}],"author":[{"embeddable":true,"href":"https:\/\/www.maisbn.com\/portal\/wp-json\/wp\/v2\/users\/7"}],"replies":[{"embeddable":true,"href":"https:\/\/www.maisbn.com\/portal\/wp-json\/wp\/v2\/comments?post=14075"}],"version-history":[{"count":1,"href":"https:\/\/www.maisbn.com\/portal\/wp-json\/wp\/v2\/posts\/14075\/revisions"}],"predecessor-version":[{"id":14076,"href":"https:\/\/www.maisbn.com\/portal\/wp-json\/wp\/v2\/posts\/14075\/revisions\/14076"}],"wp:featuredmedia":[{"embeddable":true,"href":"https:\/\/www.maisbn.com\/portal\/wp-json\/wp\/v2\/media\/7890"}],"wp:attachment":[{"href":"https:\/\/www.maisbn.com\/portal\/wp-json\/wp\/v2\/media?parent=14075"}],"wp:term":[{"taxonomy":"category","embeddable":true,"href":"https:\/\/www.maisbn.com\/portal\/wp-json\/wp\/v2\/categories?post=14075"},{"taxonomy":"post_tag","embeddable":true,"href":"https:\/\/www.maisbn.com\/portal\/wp-json\/wp\/v2\/tags?post=14075"}],"curies":[{"name":"wp","href":"https:\/\/api.w.org\/{rel}","templated":true}]}}