{"id":14068,"date":"2017-03-01T15:36:47","date_gmt":"2017-03-01T18:36:47","guid":{"rendered":"http:\/\/www.maisbn.com\/portal\/?p=14068"},"modified":"2017-03-01T15:36:47","modified_gmt":"2017-03-01T18:36:47","slug":"cadaver-e-encontrado-em-mogiquicaba-com-marcas-de-pauladas-e-facadas","status":"publish","type":"post","link":"https:\/\/www.maisbn.com\/portal\/2017\/03\/cadaver-e-encontrado-em-mogiquicaba-com-marcas-de-pauladas-e-facadas\/","title":{"rendered":"Cad\u00e1ver \u00e9 encontrado em Mogiqui\u00e7aba com marcas de pauladas e facadas."},"content":{"rendered":"<p><a href=\"http:\/\/www.maisbn.com\/portal\/wp-content\/uploads\/2017\/03\/morto_carnaval2001.jpg\"><img loading=\"lazy\" decoding=\"async\" class=\"aligncenter size-full wp-image-14069\" src=\"http:\/\/www.maisbn.com\/portal\/wp-content\/uploads\/2017\/03\/morto_carnaval2001.jpg\" alt=\"morto_carnaval2001\" width=\"650\" height=\"412\" \/><\/a><\/p>\n<p>Um corpo ainda n\u00e3o identificado foi encontrado na manh\u00e3 dessa quarta-feira (01\/03)\u00a0 na praia do povoado de Mogiqui\u00e7aba, pr\u00f3ximo \u00e0s barracas. O cad\u00e1ver estava estendido na areia e repleto de pauladas e facadas quando foi encontrado por moradores que chamaram a Pol\u00edcia.<\/p>\n<p>As for\u00e7as policiais ainda n\u00e3o sabem a motiva\u00e7\u00e3o do assassinato e nem a identidade dos poss\u00edveis autores, mas as primeiras investiga\u00e7\u00f5es mostram que o indiv\u00edduo pode ter sido morto em outro local e levado para ser &#8220;desovado&#8221; em Mogiqui\u00e7aba. O cad\u00e1ver foi levado para o Instituto M\u00e9dico Legal onde passar\u00e1 por autopsia e ficar\u00e1 \u00e0 disposi\u00e7\u00e3o dos familiares que procurarem.<\/p>\n","protected":false},"excerpt":{"rendered":"<p>Um corpo ainda n\u00e3o identificado foi encontrado na manh\u00e3 dessa quarta-feira (01\/03)\u00a0 na praia do povoado de Mogiqui\u00e7aba, pr\u00f3ximo \u00e0s barracas. O cad\u00e1ver estava estendido na areia e repleto de pauladas e facadas quando foi encontrado por moradores que chamaram a Pol\u00edcia. As for\u00e7as policiais ainda n\u00e3o sabem a motiva\u00e7\u00e3o do assassinato e nem a [&hellip;]<\/p>\n","protected":false},"author":7,"featured_media":14069,"comment_status":"open","ping_status":"open","sticky":false,"template":"","format":"standard","meta":{"footnotes":""},"categories":[1,16],"tags":[108],"class_list":["post-14068","post","type-post","status-publish","format-standard","has-post-thumbnail","hentry","category-noticias","category-policial","tag-belmonte"],"_links":{"self":[{"href":"https:\/\/www.maisbn.com\/portal\/wp-json\/wp\/v2\/posts\/14068","targetHints":{"allow":["GET"]}}],"collection":[{"href":"https:\/\/www.maisbn.com\/portal\/wp-json\/wp\/v2\/posts"}],"about":[{"href":"https:\/\/www.maisbn.com\/portal\/wp-json\/wp\/v2\/types\/post"}],"author":[{"embeddable":true,"href":"https:\/\/www.maisbn.com\/portal\/wp-json\/wp\/v2\/users\/7"}],"replies":[{"embeddable":true,"href":"https:\/\/www.maisbn.com\/portal\/wp-json\/wp\/v2\/comments?post=14068"}],"version-history":[{"count":1,"href":"https:\/\/www.maisbn.com\/portal\/wp-json\/wp\/v2\/posts\/14068\/revisions"}],"predecessor-version":[{"id":14070,"href":"https:\/\/www.maisbn.com\/portal\/wp-json\/wp\/v2\/posts\/14068\/revisions\/14070"}],"wp:featuredmedia":[{"embeddable":true,"href":"https:\/\/www.maisbn.com\/portal\/wp-json\/wp\/v2\/media\/14069"}],"wp:attachment":[{"href":"https:\/\/www.maisbn.com\/portal\/wp-json\/wp\/v2\/media?parent=14068"}],"wp:term":[{"taxonomy":"category","embeddable":true,"href":"https:\/\/www.maisbn.com\/portal\/wp-json\/wp\/v2\/categories?post=14068"},{"taxonomy":"post_tag","embeddable":true,"href":"https:\/\/www.maisbn.com\/portal\/wp-json\/wp\/v2\/tags?post=14068"}],"curies":[{"name":"wp","href":"https:\/\/api.w.org\/{rel}","templated":true}]}}