{"id":14007,"date":"2017-02-25T17:01:40","date_gmt":"2017-02-25T20:01:40","guid":{"rendered":"http:\/\/www.maisbn.com\/portal\/?p=14007"},"modified":"2017-02-25T17:01:40","modified_gmt":"2017-02-25T20:01:40","slug":"prefeito-e-deputado-se-reunem-com-diretores-da-veracel","status":"publish","type":"post","link":"https:\/\/www.maisbn.com\/portal\/2017\/02\/prefeito-e-deputado-se-reunem-com-diretores-da-veracel\/","title":{"rendered":"PREFEITO E DEPUTADO SE REUNEM COM DIRETORES DA VERACEL."},"content":{"rendered":"<p><a href=\"http:\/\/www.maisbn.com\/portal\/wp-content\/uploads\/2017\/02\/reuniaovereacel001.jpg\"><img loading=\"lazy\" decoding=\"async\" class=\"aligncenter size-full wp-image-14008\" src=\"http:\/\/www.maisbn.com\/portal\/wp-content\/uploads\/2017\/02\/reuniaovereacel001.jpg\" alt=\"reuniaovereacel001\" width=\"650\" height=\"412\" \/><\/a><\/p>\n<p><span class=\"_5yl5\">Na manh\u00e3 desta sexta feira(24\/02), em pleno in\u00edcio de carnaval, o prefeito Janival e o deputado J\u00e2nio Natal, se reuniram com os diretores da Veracel, S\u00e9rgio Alipio, Pedro e Renato, para discutirem a possibilidade da empresa Veracel realizar parcerias com o munic\u00edpio, em prol dos interesses da cidade e da popula\u00e7\u00e3o. <\/span><\/p>\n<p><span class=\"_5yl5\">A conversa foi longa, durou quase duas horas, foram abordados v\u00e1rios assuntos, nada ficou definido, mas o prefeito e o deputado sa\u00edram esperan\u00e7osos, diante da boa vontade demonstrada pelos diretores da empresa.<em> \u201cIremos buscar ajuda nos quatro cantos do estado e do Pa\u00eds para recuperarmos o tempo perdido, ao longo desses \u00faltimos doze anos, para oferecer uma vida melhor para todos.&#8221; &#8211;<\/em> Concluiu o prefeito Janival.<\/span><\/p>\n","protected":false},"excerpt":{"rendered":"<p>Na manh\u00e3 desta sexta feira(24\/02), em pleno in\u00edcio de carnaval, o prefeito Janival e o deputado J\u00e2nio Natal, se reuniram com os diretores da Veracel, S\u00e9rgio Alipio, Pedro e Renato, para discutirem a possibilidade da empresa Veracel realizar parcerias com o munic\u00edpio, em prol dos interesses da cidade e da popula\u00e7\u00e3o. A conversa foi longa, [&hellip;]<\/p>\n","protected":false},"author":7,"featured_media":14008,"comment_status":"open","ping_status":"open","sticky":false,"template":"","format":"standard","meta":{"footnotes":""},"categories":[45,1],"tags":[108],"class_list":["post-14007","post","type-post","status-publish","format-standard","has-post-thumbnail","hentry","category-cidades","category-noticias","tag-belmonte"],"_links":{"self":[{"href":"https:\/\/www.maisbn.com\/portal\/wp-json\/wp\/v2\/posts\/14007","targetHints":{"allow":["GET"]}}],"collection":[{"href":"https:\/\/www.maisbn.com\/portal\/wp-json\/wp\/v2\/posts"}],"about":[{"href":"https:\/\/www.maisbn.com\/portal\/wp-json\/wp\/v2\/types\/post"}],"author":[{"embeddable":true,"href":"https:\/\/www.maisbn.com\/portal\/wp-json\/wp\/v2\/users\/7"}],"replies":[{"embeddable":true,"href":"https:\/\/www.maisbn.com\/portal\/wp-json\/wp\/v2\/comments?post=14007"}],"version-history":[{"count":1,"href":"https:\/\/www.maisbn.com\/portal\/wp-json\/wp\/v2\/posts\/14007\/revisions"}],"predecessor-version":[{"id":14009,"href":"https:\/\/www.maisbn.com\/portal\/wp-json\/wp\/v2\/posts\/14007\/revisions\/14009"}],"wp:featuredmedia":[{"embeddable":true,"href":"https:\/\/www.maisbn.com\/portal\/wp-json\/wp\/v2\/media\/14008"}],"wp:attachment":[{"href":"https:\/\/www.maisbn.com\/portal\/wp-json\/wp\/v2\/media?parent=14007"}],"wp:term":[{"taxonomy":"category","embeddable":true,"href":"https:\/\/www.maisbn.com\/portal\/wp-json\/wp\/v2\/categories?post=14007"},{"taxonomy":"post_tag","embeddable":true,"href":"https:\/\/www.maisbn.com\/portal\/wp-json\/wp\/v2\/tags?post=14007"}],"curies":[{"name":"wp","href":"https:\/\/api.w.org\/{rel}","templated":true}]}}