{"id":13914,"date":"2017-02-17T15:05:18","date_gmt":"2017-02-17T18:05:18","guid":{"rendered":"http:\/\/www.maisbn.com\/portal\/?p=13914"},"modified":"2017-02-17T15:05:18","modified_gmt":"2017-02-17T18:05:18","slug":"governador-anuncia-projeto-de-modernizacao-da-lei-de-promocoes-da-policia-militar","status":"publish","type":"post","link":"https:\/\/www.maisbn.com\/portal\/2017\/02\/governador-anuncia-projeto-de-modernizacao-da-lei-de-promocoes-da-policia-militar\/","title":{"rendered":"Governador anuncia projeto de moderniza\u00e7\u00e3o da lei de promo\u00e7\u00f5es da Pol\u00edcia Militar."},"content":{"rendered":"<p><a href=\"http:\/\/www.maisbn.com\/portal\/wp-content\/uploads\/2017\/02\/governador_pm001.jpg\"><img loading=\"lazy\" decoding=\"async\" class=\"aligncenter size-full wp-image-13915\" src=\"http:\/\/www.maisbn.com\/portal\/wp-content\/uploads\/2017\/02\/governador_pm001.jpg\" alt=\"governador_pm001\" width=\"650\" height=\"412\" \/><\/a><\/p>\n<p>Com a comemora\u00e7\u00e3o do anivers\u00e1rio de 192 anos de cria\u00e7\u00e3o da Pol\u00edcia Militar do Estado, o governador Rui Costa (PT) vai encaminhar o projeto de moderniza\u00e7\u00e3o da lei de promo\u00e7\u00f5es da PM \u00e0 Assembleia Legislativa da Bahia (AL-BA) logo ap\u00f3s o Carnaval. O an\u00fancio foi feito atrav\u00e9s do perfil do pr\u00f3prio governador, no Twitter, nesta sexta-feira (17). &#8220;Em apenas dois anos, conseguimos promover 11 mil policiais, um ter\u00e7o de todo o nosso efetivo, mas queremos avan\u00e7ar e melhorar ainda mais&#8221;, exaltou na rede social, reconhecendo que \u00e9 preciso ainda fazer modifica\u00e7\u00f5es no novo projeto, que est\u00e1 em fase de revis\u00e3o final.<\/p>\n<p>Quanto \u00e0s condecora\u00e7\u00f5es realizadas nesta sexta, Rui revelou ter recebido a informa\u00e7\u00e3o de que algumas das medalhas n\u00e3o eram concedidas desde 1979, quando se homenageou policiais pela \u00faltima vez, por bravura p\u00f3s-morte. Entre os avan\u00e7os da corpora\u00e7\u00e3o, o comandante geral da PM, coronel Ancelmo Brand\u00e3o, destacou a filosofia de pol\u00edcia cidad\u00e3. &#8220;Estamos mudando aquela ideia de que pol\u00edcia forte \u00e9 pol\u00edcia de guerra. Hoje n\u00f3s temos uma pol\u00edcia mais pr\u00f3xima do cidad\u00e3o, pacificadora, guardi\u00e3. Esse \u00e9 mais um motivo de comemora\u00e7\u00e3o. Com a mudan\u00e7a de ideias e conduta dos nossos policiais, a sociedade entende que a PM est\u00e1 aqui para apoiar, defender e disseminar a preserva\u00e7\u00e3o da vida&#8221;.<\/p>\n<p>Entre os homenageados est\u00e3o os soldados Everton Oliveira de Santana e Gilberto Lemos Silva J\u00fanior, da 38\u00aa CIPM, que perderam a vida, em servi\u00e7o, em janeiro deste ano.<\/p>\n","protected":false},"excerpt":{"rendered":"<p>Com a comemora\u00e7\u00e3o do anivers\u00e1rio de 192 anos de cria\u00e7\u00e3o da Pol\u00edcia Militar do Estado, o governador Rui Costa (PT) vai encaminhar o projeto de moderniza\u00e7\u00e3o da lei de promo\u00e7\u00f5es da PM \u00e0 Assembleia Legislativa da Bahia (AL-BA) logo ap\u00f3s o Carnaval. O an\u00fancio foi feito atrav\u00e9s do perfil do pr\u00f3prio governador, no Twitter, nesta [&hellip;]<\/p>\n","protected":false},"author":7,"featured_media":13915,"comment_status":"open","ping_status":"open","sticky":false,"template":"","format":"standard","meta":{"footnotes":""},"categories":[1,16],"tags":[108],"class_list":["post-13914","post","type-post","status-publish","format-standard","has-post-thumbnail","hentry","category-noticias","category-policial","tag-belmonte"],"_links":{"self":[{"href":"https:\/\/www.maisbn.com\/portal\/wp-json\/wp\/v2\/posts\/13914","targetHints":{"allow":["GET"]}}],"collection":[{"href":"https:\/\/www.maisbn.com\/portal\/wp-json\/wp\/v2\/posts"}],"about":[{"href":"https:\/\/www.maisbn.com\/portal\/wp-json\/wp\/v2\/types\/post"}],"author":[{"embeddable":true,"href":"https:\/\/www.maisbn.com\/portal\/wp-json\/wp\/v2\/users\/7"}],"replies":[{"embeddable":true,"href":"https:\/\/www.maisbn.com\/portal\/wp-json\/wp\/v2\/comments?post=13914"}],"version-history":[{"count":1,"href":"https:\/\/www.maisbn.com\/portal\/wp-json\/wp\/v2\/posts\/13914\/revisions"}],"predecessor-version":[{"id":13916,"href":"https:\/\/www.maisbn.com\/portal\/wp-json\/wp\/v2\/posts\/13914\/revisions\/13916"}],"wp:featuredmedia":[{"embeddable":true,"href":"https:\/\/www.maisbn.com\/portal\/wp-json\/wp\/v2\/media\/13915"}],"wp:attachment":[{"href":"https:\/\/www.maisbn.com\/portal\/wp-json\/wp\/v2\/media?parent=13914"}],"wp:term":[{"taxonomy":"category","embeddable":true,"href":"https:\/\/www.maisbn.com\/portal\/wp-json\/wp\/v2\/categories?post=13914"},{"taxonomy":"post_tag","embeddable":true,"href":"https:\/\/www.maisbn.com\/portal\/wp-json\/wp\/v2\/tags?post=13914"}],"curies":[{"name":"wp","href":"https:\/\/api.w.org\/{rel}","templated":true}]}}