{"id":13905,"date":"2017-02-16T17:00:39","date_gmt":"2017-02-16T20:00:39","guid":{"rendered":"http:\/\/www.maisbn.com\/portal\/?p=13905"},"modified":"2017-02-16T17:00:39","modified_gmt":"2017-02-16T20:00:39","slug":"janio-natal-tem-audiencia-com-secretario-de-seguranca-para-discutir-a-situacao-de-belmonte","status":"publish","type":"post","link":"https:\/\/www.maisbn.com\/portal\/2017\/02\/janio-natal-tem-audiencia-com-secretario-de-seguranca-para-discutir-a-situacao-de-belmonte\/","title":{"rendered":"J\u00e2nio Natal tem audi\u00eancia com Secret\u00e1rio de Seguran\u00e7a para discutir a situa\u00e7\u00e3o de Belmonte."},"content":{"rendered":"<p><a href=\"http:\/\/www.maisbn.com\/portal\/wp-content\/uploads\/2017\/02\/janionatalmauriciobarbosa001.jpg\"><img loading=\"lazy\" decoding=\"async\" class=\"aligncenter size-full wp-image-13906\" src=\"http:\/\/www.maisbn.com\/portal\/wp-content\/uploads\/2017\/02\/janionatalmauriciobarbosa001.jpg\" alt=\"janionatalmauriciobarbosa001\" width=\"650\" height=\"412\" \/><\/a><\/p>\n<p>O Deputado Estadual J\u00e2nio Natal postou na tarde dessa quinta-feira (16\/02) em sua p\u00e1gina no Facebook fotos e informa\u00e7\u00f5es da audi\u00eancia de urg\u00eancia com o Dr. Maur\u00edcio Barbosa, Secret\u00e1rio Estadual de Seguran\u00e7a P\u00fablica. Segundo o deputado, a audi\u00eancia foi para tratar das poss\u00edveis mudan\u00e7as da configura\u00e7\u00e3o do efetivo da Pol\u00edcia Militar de Belmote que deixaria de ser Companhia para virar um Pelot\u00e3o subordinado ao comando do munic\u00edpio de Santa Cruz Cabr\u00e1lia. <em>&#8220;Isto significa que a PM no munic\u00edpio deixar\u00e1 de ter comandante, para ser comandada por Cabr\u00e1lia, e vai diminuir o n\u00famero de policiais nas ruas.\u00a0 Essa not\u00edcia deixou toda a popula\u00e7\u00e3o belmontense assustada! Hoje<\/em><span class=\"text_exposed_show\"><em> a viol\u00eancia j\u00e1 \u00e9 grande, com assaltos e homic\u00eddios quase todos os dias. Imagine como vai ficar, com menos policiais!&#8221;<\/em> &#8211; Comentou J\u00e2nio Natal em sua postagem no Facebook.<br \/>\n<\/span><\/p>\n<p>O Deputado Estadual ainda informou que, em companhia do amigo Tiago Feitosa, exp\u00f4s a situa\u00e7\u00e3o ao Secret\u00e1rio Maur\u00edcio Barbosa e que o mesmo se comprometeu a conversar com o Comandante Geral da Pol\u00edcia Militar e reverter a situa\u00e7\u00e3o. J\u00e2nio Natal comentou que se sentia aliviado depois da conversa que teve com o Secret\u00e1rio e declarou: <em><span class=\"text_exposed_show\">\u201cConseguimos sensibilizar o Secret\u00e1rio, que garantiu que vai defender a manuten\u00e7\u00e3o da Companhia PM em Belmonte e confio que essa mudan\u00e7a n\u00e3o vai mais acontecer. Isto mostra, mais uma vez, como \u00e9 importante para o munic\u00edpio ter um representante na Assembleia Legislativa! Espero evitar esta grave mudan\u00e7a.\u201d.<\/span><\/em><\/p>\n","protected":false},"excerpt":{"rendered":"<p>O Deputado Estadual J\u00e2nio Natal postou na tarde dessa quinta-feira (16\/02) em sua p\u00e1gina no Facebook fotos e informa\u00e7\u00f5es da audi\u00eancia de urg\u00eancia com o Dr. Maur\u00edcio Barbosa, Secret\u00e1rio Estadual de Seguran\u00e7a P\u00fablica. Segundo o deputado, a audi\u00eancia foi para tratar das poss\u00edveis mudan\u00e7as da configura\u00e7\u00e3o do efetivo da Pol\u00edcia Militar de Belmote que deixaria [&hellip;]<\/p>\n","protected":false},"author":7,"featured_media":13906,"comment_status":"open","ping_status":"open","sticky":false,"template":"","format":"standard","meta":{"footnotes":""},"categories":[45,1],"tags":[108],"class_list":["post-13905","post","type-post","status-publish","format-standard","has-post-thumbnail","hentry","category-cidades","category-noticias","tag-belmonte"],"_links":{"self":[{"href":"https:\/\/www.maisbn.com\/portal\/wp-json\/wp\/v2\/posts\/13905","targetHints":{"allow":["GET"]}}],"collection":[{"href":"https:\/\/www.maisbn.com\/portal\/wp-json\/wp\/v2\/posts"}],"about":[{"href":"https:\/\/www.maisbn.com\/portal\/wp-json\/wp\/v2\/types\/post"}],"author":[{"embeddable":true,"href":"https:\/\/www.maisbn.com\/portal\/wp-json\/wp\/v2\/users\/7"}],"replies":[{"embeddable":true,"href":"https:\/\/www.maisbn.com\/portal\/wp-json\/wp\/v2\/comments?post=13905"}],"version-history":[{"count":1,"href":"https:\/\/www.maisbn.com\/portal\/wp-json\/wp\/v2\/posts\/13905\/revisions"}],"predecessor-version":[{"id":13907,"href":"https:\/\/www.maisbn.com\/portal\/wp-json\/wp\/v2\/posts\/13905\/revisions\/13907"}],"wp:featuredmedia":[{"embeddable":true,"href":"https:\/\/www.maisbn.com\/portal\/wp-json\/wp\/v2\/media\/13906"}],"wp:attachment":[{"href":"https:\/\/www.maisbn.com\/portal\/wp-json\/wp\/v2\/media?parent=13905"}],"wp:term":[{"taxonomy":"category","embeddable":true,"href":"https:\/\/www.maisbn.com\/portal\/wp-json\/wp\/v2\/categories?post=13905"},{"taxonomy":"post_tag","embeddable":true,"href":"https:\/\/www.maisbn.com\/portal\/wp-json\/wp\/v2\/tags?post=13905"}],"curies":[{"name":"wp","href":"https:\/\/api.w.org\/{rel}","templated":true}]}}