{"id":13892,"date":"2017-02-15T19:44:09","date_gmt":"2017-02-15T22:44:09","guid":{"rendered":"http:\/\/www.maisbn.com\/portal\/?p=13892"},"modified":"2017-02-15T19:44:09","modified_gmt":"2017-02-15T22:44:09","slug":"sub-comando-do-8o-batalhao-nega-reducao-do-efetivo-da-policia-militar-de-belmonte","status":"publish","type":"post","link":"https:\/\/www.maisbn.com\/portal\/2017\/02\/sub-comando-do-8o-batalhao-nega-reducao-do-efetivo-da-policia-militar-de-belmonte\/","title":{"rendered":"Sub-comando do 8\u00ba Batalh\u00e3o nega redu\u00e7\u00e3o do efetivo da Pol\u00edcia Militar de Belmonte."},"content":{"rendered":"<p class=\"western\"><a href=\"http:\/\/www.maisbn.com\/portal\/wp-content\/uploads\/2014\/03\/batalhao.jpg\"><img loading=\"lazy\" decoding=\"async\" class=\"aligncenter size-full wp-image-4742\" src=\"http:\/\/www.maisbn.com\/portal\/wp-content\/uploads\/2014\/03\/batalhao.jpg\" alt=\"batalhao\" width=\"448\" height=\"252\" \/><\/a><\/p>\n<p class=\"western\">Comunidade belmontense e lideran\u00e7as pol\u00edticas continuam se manifestando contra \u00e0 poss\u00edvel mudan\u00e7a de configura\u00e7\u00e3o da Pol\u00edcia Militar de Belmonte onde, segundo informa\u00e7\u00f5es, o 8\u00ba Batalh\u00e3o pretende transformar o policiamento da cidade em um pelot\u00e3o subordinado ao comando do policiamento do munic\u00edpio de Santa Cruz Cabr\u00e1lia.<\/p>\n<p class=\"western\">Diante das crescentes repercuss\u00f5es, nessa quarta-feira (15\/02) a nossa equipe foi \u00e0 sede do 8 Batalh\u00e3o em Porto Seguro para colher informa\u00e7\u00f5es e quem nos recebeu foi o sub-comandante da unidade, o Capit\u00e3o Barbosa. Diante dos fatos apresentados, o sub-comandante comentou com nossa reportagem que n\u00e3o h\u00e1 nada concreto com rela\u00e7\u00e3o ao assunto. O mesmo ainda revelou que est\u00e1 fora de quest\u00e3o qualquer altera\u00e7\u00e3o no efetivo que atende a cidade de Belmonte. \u201cN\u00e3o existe nada concreto e, caso isso aconte\u00e7a, ainda ter\u00e1 um tenente comandando Belmonte, s\u00f3 que, subordinado ao capit\u00e3o que hoje comanda Santa Cruz Cabr\u00e1lia. O que ir\u00e1 mudar ser\u00e1 somente a nomeclatura e a cidade ganhar\u00e1 mais um oficial cuidando da \u00e1rea.\u201d &#8211; Relatou o Capit\u00e3o Barbosa.<\/p>\n<p class=\"western\">A popula\u00e7\u00e3o belmontense continua apreensiva sobre a situa\u00e7\u00e3o e n\u00e3o aceita com bons olhos a mudan\u00e7a. Ainda temos a informa\u00e7\u00e3o que alguns grupos de pessoas j\u00e1 planejam manifesta\u00e7\u00f5es pelas ruas , caso as medidas realmente venham a se tornar realidade.<\/p>\n","protected":false},"excerpt":{"rendered":"<p>Comunidade belmontense e lideran\u00e7as pol\u00edticas continuam se manifestando contra \u00e0 poss\u00edvel mudan\u00e7a de configura\u00e7\u00e3o da Pol\u00edcia Militar de Belmonte onde, segundo informa\u00e7\u00f5es, o 8\u00ba Batalh\u00e3o pretende transformar o policiamento da cidade em um pelot\u00e3o subordinado ao comando do policiamento do munic\u00edpio de Santa Cruz Cabr\u00e1lia. Diante das crescentes repercuss\u00f5es, nessa quarta-feira (15\/02) a nossa equipe [&hellip;]<\/p>\n","protected":false},"author":7,"featured_media":4742,"comment_status":"open","ping_status":"open","sticky":false,"template":"","format":"standard","meta":{"footnotes":""},"categories":[45,1],"tags":[108],"class_list":["post-13892","post","type-post","status-publish","format-standard","has-post-thumbnail","hentry","category-cidades","category-noticias","tag-belmonte"],"_links":{"self":[{"href":"https:\/\/www.maisbn.com\/portal\/wp-json\/wp\/v2\/posts\/13892","targetHints":{"allow":["GET"]}}],"collection":[{"href":"https:\/\/www.maisbn.com\/portal\/wp-json\/wp\/v2\/posts"}],"about":[{"href":"https:\/\/www.maisbn.com\/portal\/wp-json\/wp\/v2\/types\/post"}],"author":[{"embeddable":true,"href":"https:\/\/www.maisbn.com\/portal\/wp-json\/wp\/v2\/users\/7"}],"replies":[{"embeddable":true,"href":"https:\/\/www.maisbn.com\/portal\/wp-json\/wp\/v2\/comments?post=13892"}],"version-history":[{"count":2,"href":"https:\/\/www.maisbn.com\/portal\/wp-json\/wp\/v2\/posts\/13892\/revisions"}],"predecessor-version":[{"id":13896,"href":"https:\/\/www.maisbn.com\/portal\/wp-json\/wp\/v2\/posts\/13892\/revisions\/13896"}],"wp:featuredmedia":[{"embeddable":true,"href":"https:\/\/www.maisbn.com\/portal\/wp-json\/wp\/v2\/media\/4742"}],"wp:attachment":[{"href":"https:\/\/www.maisbn.com\/portal\/wp-json\/wp\/v2\/media?parent=13892"}],"wp:term":[{"taxonomy":"category","embeddable":true,"href":"https:\/\/www.maisbn.com\/portal\/wp-json\/wp\/v2\/categories?post=13892"},{"taxonomy":"post_tag","embeddable":true,"href":"https:\/\/www.maisbn.com\/portal\/wp-json\/wp\/v2\/tags?post=13892"}],"curies":[{"name":"wp","href":"https:\/\/api.w.org\/{rel}","templated":true}]}}