{"id":13889,"date":"2017-02-15T19:40:48","date_gmt":"2017-02-15T22:40:48","guid":{"rendered":"http:\/\/www.maisbn.com\/portal\/?p=13889"},"modified":"2017-02-15T19:45:37","modified_gmt":"2017-02-15T22:45:37","slug":"vereadores-se-posicionam-contra-a-mudancas-na-policia-militar-de-belmonte","status":"publish","type":"post","link":"https:\/\/www.maisbn.com\/portal\/2017\/02\/vereadores-se-posicionam-contra-a-mudancas-na-policia-militar-de-belmonte\/","title":{"rendered":"Vereadores se posicionam contra a mudan\u00e7as na Policia Militar de Belmonte."},"content":{"rendered":"<p><a href=\"http:\/\/www.maisbn.com\/portal\/wp-content\/uploads\/2017\/02\/vereador_alfredo001.jpg\"><img loading=\"lazy\" decoding=\"async\" class=\"aligncenter size-full wp-image-13890\" src=\"http:\/\/www.maisbn.com\/portal\/wp-content\/uploads\/2017\/02\/vereador_alfredo001.jpg\" alt=\"vereador_alfredo001\" width=\"650\" height=\"412\" \/><\/a><\/p>\n<p>A popula\u00e7\u00e3o e lideran\u00e7as belmontenses est\u00e3o preocupadas com os rumores das poss\u00edveis mudan\u00e7as que dever\u00e3o acontecer no efetivo da Pol\u00edcia Militar de Belmonte. As informa\u00e7\u00f5es constam que a 5\u00aa Companhia de Pol\u00edcia Militar do 8\u00ba Batalh\u00e3o, que \u00e9 a respons\u00e1vel pelo policiamento do territ\u00f3rio de Belmonte ser\u00e1 transferida para a cidade de Porto Seguro e, com a mudan\u00e7a, Belmonte se tornar\u00e1 um Pelot\u00e3o e ser\u00e1 anexada ao comando da Pol\u00edcia Militar do munic\u00edpio de Santa Cruz Cabr\u00e1lia. Os rumores tamb\u00e9m constam que, com a mudan\u00e7a, o policiamento tamb\u00e9m ser\u00e1 reduzido e os policiais excedentes ser\u00e3o transferido para a nova \u00e1rea da 5\u00aa Companhia que ser\u00e1 respons\u00e1vel pelo policiamento dos distritos de Pindorama, Veracruz e localidades pr\u00f3ximas dentro do territ\u00f3rio de Porto Seguro.<\/p>\n<p><iframe loading=\"lazy\" src=\"https:\/\/www.youtube.com\/embed\/UAMNmOARr1U\" width=\"560\" height=\"315\" frameborder=\"0\" allowfullscreen=\"allowfullscreen\"><\/iframe><\/p>\n<p>A preocupa\u00e7\u00e3o da popula\u00e7\u00e3o de Belmonte com rela\u00e7\u00e3o a esse fato ganhou voz na \u00faltima segunda-feira (13\/02) onde, durante a sess\u00e3o, o Vereador Alfredo Abecerb, Vice-presidente da C\u00e2mara de Vereadores de Belmonte, pediu que fosse feito um of\u00edcio ao Prefeito Janival Borges noticiando o fato e pedindo para que o mesmo interceda junto ao comandante do 8\u00ba Batalh\u00e3o para evitar a mudan\u00e7a. O Vereador ainda pediu melhorias para a sede da Pol\u00edcia Militar de Belmonte que hoje est\u00e1 funcionando no Dormit\u00f3rio Municipal. \u201cTemos que intervir antes que essa possibilidade vire realidade. Belmonte \u00e9 uma cidade como Porto Seguro e Cabr\u00e1lia. Belmonte tem caracter\u00edsticas pr\u00f3prias e precisa ter um comandante direcionado para resolver as demandas do munic\u00edpio.\u201d \u2013 Comentou Alfredo.<\/p>\n<p><a href=\"http:\/\/www.maisbn.com\/portal\/wp-content\/uploads\/2017\/02\/vereador_calango002.jpg\"><img loading=\"lazy\" decoding=\"async\" class=\"aligncenter size-full wp-image-13894\" src=\"http:\/\/www.maisbn.com\/portal\/wp-content\/uploads\/2017\/02\/vereador_calango002.jpg\" alt=\"vereador_calango002\" width=\"650\" height=\"412\" \/><\/a><\/p>\n<p>Outra lideran\u00e7a que tamb\u00e9m se manifestou foi o Vereador Aelson Mattos, Presidente da C\u00e2mara de Vereadores. Aelson comentou com nossa equipe que todos os vereadores s\u00e3o solid\u00e1rios nessa quest\u00e3o e que tamb\u00e9m estar\u00e1 conversando com o prefeito Janival Borges sobre o assunto. \u201c Esse \u00e9 um problema que afeta todos os belmontenses e estamos juntos para garantir a seguran\u00e7a da nossa comunidade.\u201d \u2013 Comentou o Vereador Aelson Mattos \u00e0 nossa equipe.<\/p>\n","protected":false},"excerpt":{"rendered":"<p>A popula\u00e7\u00e3o e lideran\u00e7as belmontenses est\u00e3o preocupadas com os rumores das poss\u00edveis mudan\u00e7as que dever\u00e3o acontecer no efetivo da Pol\u00edcia Militar de Belmonte. As informa\u00e7\u00f5es constam que a 5\u00aa Companhia de Pol\u00edcia Militar do 8\u00ba Batalh\u00e3o, que \u00e9 a respons\u00e1vel pelo policiamento do territ\u00f3rio de Belmonte ser\u00e1 transferida para a cidade de Porto Seguro e, [&hellip;]<\/p>\n","protected":false},"author":7,"featured_media":13890,"comment_status":"open","ping_status":"open","sticky":false,"template":"","format":"standard","meta":{"footnotes":""},"categories":[45,1],"tags":[108],"class_list":["post-13889","post","type-post","status-publish","format-standard","has-post-thumbnail","hentry","category-cidades","category-noticias","tag-belmonte"],"_links":{"self":[{"href":"https:\/\/www.maisbn.com\/portal\/wp-json\/wp\/v2\/posts\/13889","targetHints":{"allow":["GET"]}}],"collection":[{"href":"https:\/\/www.maisbn.com\/portal\/wp-json\/wp\/v2\/posts"}],"about":[{"href":"https:\/\/www.maisbn.com\/portal\/wp-json\/wp\/v2\/types\/post"}],"author":[{"embeddable":true,"href":"https:\/\/www.maisbn.com\/portal\/wp-json\/wp\/v2\/users\/7"}],"replies":[{"embeddable":true,"href":"https:\/\/www.maisbn.com\/portal\/wp-json\/wp\/v2\/comments?post=13889"}],"version-history":[{"count":3,"href":"https:\/\/www.maisbn.com\/portal\/wp-json\/wp\/v2\/posts\/13889\/revisions"}],"predecessor-version":[{"id":13897,"href":"https:\/\/www.maisbn.com\/portal\/wp-json\/wp\/v2\/posts\/13889\/revisions\/13897"}],"wp:featuredmedia":[{"embeddable":true,"href":"https:\/\/www.maisbn.com\/portal\/wp-json\/wp\/v2\/media\/13890"}],"wp:attachment":[{"href":"https:\/\/www.maisbn.com\/portal\/wp-json\/wp\/v2\/media?parent=13889"}],"wp:term":[{"taxonomy":"category","embeddable":true,"href":"https:\/\/www.maisbn.com\/portal\/wp-json\/wp\/v2\/categories?post=13889"},{"taxonomy":"post_tag","embeddable":true,"href":"https:\/\/www.maisbn.com\/portal\/wp-json\/wp\/v2\/tags?post=13889"}],"curies":[{"name":"wp","href":"https:\/\/api.w.org\/{rel}","templated":true}]}}