{"id":13871,"date":"2017-02-12T23:50:10","date_gmt":"2017-02-13T02:50:10","guid":{"rendered":"http:\/\/www.maisbn.com\/portal\/?p=13871"},"modified":"2017-02-12T23:50:10","modified_gmt":"2017-02-13T02:50:10","slug":"abastecimento-de-agua-e-normalizado-em-belmonte","status":"publish","type":"post","link":"https:\/\/www.maisbn.com\/portal\/2017\/02\/abastecimento-de-agua-e-normalizado-em-belmonte\/","title":{"rendered":"Abastecimento de \u00e1gua \u00e9 normalizado em Belmonte"},"content":{"rendered":"<p><a href=\"http:\/\/www.maisbn.com\/portal\/wp-content\/uploads\/2016\/10\/embasa_informe.jpg\"><img loading=\"lazy\" decoding=\"async\" class=\"aligncenter size-full wp-image-12823\" src=\"http:\/\/www.maisbn.com\/portal\/wp-content\/uploads\/2016\/10\/embasa_informe.jpg\" alt=\"embasa_informe\" width=\"704\" height=\"318\" \/><\/a><\/p>\n<hr \/>\n<p>&nbsp;<\/p>\n<p>O escrit\u00f3rio local da Embasa em Belmonte informou que o abastecimento de \u00e1gua da cidade foi retomado a partir das 20:00Hrs desse domingo (12\/02) depois dos t\u00e9cnicos instalarem os equipamentos que substitu\u00edram os que tinham sido danificados devido a uma pane acontecida na tarde desse s\u00e1bado (11\/02).<\/p>\n<p>Por causa das manuten\u00e7\u00e3o os belmontenses ficaram sem \u00e1gua no final de semana e foram obrigados a fazer um racionamento at\u00e9 o problema ser resolvido.<\/p>\n<p>A Embasa comunicou que outros procedimentos est\u00e3o sendo tomados para que o problema n\u00e3o volte a ocorrer e que o abastecimento de \u00e1gua da cidade ser\u00e1 totalmente normalizado at\u00e9 a manh\u00e3 dessa segunda-feira (13\/02).<\/p>\n","protected":false},"excerpt":{"rendered":"<p>&nbsp; O escrit\u00f3rio local da Embasa em Belmonte informou que o abastecimento de \u00e1gua da cidade foi retomado a partir das 20:00Hrs desse domingo (12\/02) depois dos t\u00e9cnicos instalarem os equipamentos que substitu\u00edram os que tinham sido danificados devido a uma pane acontecida na tarde desse s\u00e1bado (11\/02). Por causa das manuten\u00e7\u00e3o os belmontenses ficaram [&hellip;]<\/p>\n","protected":false},"author":7,"featured_media":12823,"comment_status":"open","ping_status":"open","sticky":false,"template":"","format":"standard","meta":{"footnotes":""},"categories":[45,1],"tags":[108],"class_list":["post-13871","post","type-post","status-publish","format-standard","has-post-thumbnail","hentry","category-cidades","category-noticias","tag-belmonte"],"_links":{"self":[{"href":"https:\/\/www.maisbn.com\/portal\/wp-json\/wp\/v2\/posts\/13871","targetHints":{"allow":["GET"]}}],"collection":[{"href":"https:\/\/www.maisbn.com\/portal\/wp-json\/wp\/v2\/posts"}],"about":[{"href":"https:\/\/www.maisbn.com\/portal\/wp-json\/wp\/v2\/types\/post"}],"author":[{"embeddable":true,"href":"https:\/\/www.maisbn.com\/portal\/wp-json\/wp\/v2\/users\/7"}],"replies":[{"embeddable":true,"href":"https:\/\/www.maisbn.com\/portal\/wp-json\/wp\/v2\/comments?post=13871"}],"version-history":[{"count":1,"href":"https:\/\/www.maisbn.com\/portal\/wp-json\/wp\/v2\/posts\/13871\/revisions"}],"predecessor-version":[{"id":13872,"href":"https:\/\/www.maisbn.com\/portal\/wp-json\/wp\/v2\/posts\/13871\/revisions\/13872"}],"wp:featuredmedia":[{"embeddable":true,"href":"https:\/\/www.maisbn.com\/portal\/wp-json\/wp\/v2\/media\/12823"}],"wp:attachment":[{"href":"https:\/\/www.maisbn.com\/portal\/wp-json\/wp\/v2\/media?parent=13871"}],"wp:term":[{"taxonomy":"category","embeddable":true,"href":"https:\/\/www.maisbn.com\/portal\/wp-json\/wp\/v2\/categories?post=13871"},{"taxonomy":"post_tag","embeddable":true,"href":"https:\/\/www.maisbn.com\/portal\/wp-json\/wp\/v2\/tags?post=13871"}],"curies":[{"name":"wp","href":"https:\/\/api.w.org\/{rel}","templated":true}]}}