{"id":13863,"date":"2017-02-12T14:35:44","date_gmt":"2017-02-12T17:35:44","guid":{"rendered":"http:\/\/www.maisbn.com\/portal\/?p=13863"},"modified":"2017-02-12T14:35:44","modified_gmt":"2017-02-12T17:35:44","slug":"embasa-informa-interrupcao-do-abastecimento-de-agua-em-belmonte","status":"publish","type":"post","link":"https:\/\/www.maisbn.com\/portal\/2017\/02\/embasa-informa-interrupcao-do-abastecimento-de-agua-em-belmonte\/","title":{"rendered":"EMBASA informa interrup\u00e7\u00e3o do abastecimento de \u00e1gua em Belmonte."},"content":{"rendered":"<p><a href=\"http:\/\/www.maisbn.com\/portal\/wp-content\/uploads\/2016\/10\/embasa_informe.jpg\"><img loading=\"lazy\" decoding=\"async\" class=\"aligncenter size-full wp-image-12823\" src=\"http:\/\/www.maisbn.com\/portal\/wp-content\/uploads\/2016\/10\/embasa_informe.jpg\" alt=\"embasa_informe\" width=\"704\" height=\"318\" \/><\/a><\/p>\n<p>A EMBASA informou que na tarde desse s\u00e1bado (11\/02) o abastecimento de \u00e1gua da cidade de Belmonte teve que ser interrompido devido a uma manuten\u00e7\u00e3o emergencial em seus equipamentos. A ger\u00eancia local da empresa informou que o problema apresentado causou s\u00e9rios danos e que uma equipe de t\u00e9cnicos da empresa j\u00e1 tinha sido acionada para fazer as interven\u00e7\u00f5es necess\u00e1rias.<\/p>\n<p>O problema ainda continua nesse domingo (12\/02) onde a EMBASA informou que espera a chegada de equipamentos que est\u00e3o vindo da cidade de Itamaraju para substituir os danificados. A empresa ainda pede para a popula\u00e7\u00e3o economizar \u00e1gua at\u00e9 o problema ser resolvido.<\/p>\n","protected":false},"excerpt":{"rendered":"<p>A EMBASA informou que na tarde desse s\u00e1bado (11\/02) o abastecimento de \u00e1gua da cidade de Belmonte teve que ser interrompido devido a uma manuten\u00e7\u00e3o emergencial em seus equipamentos. A ger\u00eancia local da empresa informou que o problema apresentado causou s\u00e9rios danos e que uma equipe de t\u00e9cnicos da empresa j\u00e1 tinha sido acionada para [&hellip;]<\/p>\n","protected":false},"author":7,"featured_media":12823,"comment_status":"open","ping_status":"open","sticky":false,"template":"","format":"standard","meta":{"footnotes":""},"categories":[45,1],"tags":[108],"class_list":["post-13863","post","type-post","status-publish","format-standard","has-post-thumbnail","hentry","category-cidades","category-noticias","tag-belmonte"],"_links":{"self":[{"href":"https:\/\/www.maisbn.com\/portal\/wp-json\/wp\/v2\/posts\/13863","targetHints":{"allow":["GET"]}}],"collection":[{"href":"https:\/\/www.maisbn.com\/portal\/wp-json\/wp\/v2\/posts"}],"about":[{"href":"https:\/\/www.maisbn.com\/portal\/wp-json\/wp\/v2\/types\/post"}],"author":[{"embeddable":true,"href":"https:\/\/www.maisbn.com\/portal\/wp-json\/wp\/v2\/users\/7"}],"replies":[{"embeddable":true,"href":"https:\/\/www.maisbn.com\/portal\/wp-json\/wp\/v2\/comments?post=13863"}],"version-history":[{"count":1,"href":"https:\/\/www.maisbn.com\/portal\/wp-json\/wp\/v2\/posts\/13863\/revisions"}],"predecessor-version":[{"id":13864,"href":"https:\/\/www.maisbn.com\/portal\/wp-json\/wp\/v2\/posts\/13863\/revisions\/13864"}],"wp:featuredmedia":[{"embeddable":true,"href":"https:\/\/www.maisbn.com\/portal\/wp-json\/wp\/v2\/media\/12823"}],"wp:attachment":[{"href":"https:\/\/www.maisbn.com\/portal\/wp-json\/wp\/v2\/media?parent=13863"}],"wp:term":[{"taxonomy":"category","embeddable":true,"href":"https:\/\/www.maisbn.com\/portal\/wp-json\/wp\/v2\/categories?post=13863"},{"taxonomy":"post_tag","embeddable":true,"href":"https:\/\/www.maisbn.com\/portal\/wp-json\/wp\/v2\/tags?post=13863"}],"curies":[{"name":"wp","href":"https:\/\/api.w.org\/{rel}","templated":true}]}}