{"id":13857,"date":"2017-02-12T14:41:14","date_gmt":"2017-02-12T17:41:14","guid":{"rendered":"http:\/\/www.maisbn.com\/portal\/?p=13857"},"modified":"2017-02-13T09:12:26","modified_gmt":"2017-02-13T12:12:26","slug":"nasce-novo-grupo-politico-regional-na-costa-do-descobrimento","status":"publish","type":"post","link":"https:\/\/www.maisbn.com\/portal\/2017\/02\/nasce-novo-grupo-politico-regional-na-costa-do-descobrimento\/","title":{"rendered":"Lideran\u00e7as se re\u00fanem para discutir conjuntura pol\u00edtica regional."},"content":{"rendered":"<p>No \u00faltimo dia 03\/02 nomes de peso da nova pol\u00edtica regional se reuniram para discutir os rumos dos futuros pleitos e como se posicionar frente \u00e0 realidade da pol\u00edtica baiana dentro dos pr\u00f3ximos anos. Al\u00e9m desses assuntos, tamb\u00e9m foram abordadas as a\u00e7\u00f5es de cada um dos participantes dentro das campanhas municipais e as formas de fortalecer o grupo no intuito de criar uma plataforma pol\u00edtica para 2018.<\/p>\n<p><a href=\"http:\/\/www.maisbn.com\/portal\/wp-content\/uploads\/2017\/02\/reuniao_grupopolitico001.jpg\"><img loading=\"lazy\" decoding=\"async\" class=\"aligncenter wp-image-13860 size-full\" src=\"http:\/\/www.maisbn.com\/portal\/wp-content\/uploads\/2017\/02\/reuniao_grupopolitico001.jpg\" alt=\"reuniao_grupopolitico001\" width=\"650\" height=\"412\" \/><\/a><\/p>\n<p>Estiveram presentes o Sr. Rodrigo Martins, Presidente do PC do B &#8211; Belmonte, Coordenador da APLB Sindicato Belmonte e atual Secret\u00e1rio Municipal do Interior. O Sr. Neto Fraga Santana, vice-presidente do PC do B, Diretor Executivo da APLB Regional Nordeste. Tobias Albino dos Santos, Filiado ao PT Eun\u00e1polis, Coordenador Geral do SINDIACSCER Sindicato dos Agentes de Sa\u00fade do Extremo Sul e Sul da Bahia. Noel Viera Dos Santos, Coordenador da APLB Itamaraju, Vice-coordenador da Regional Sul e Vice presidente PC do B Itamaraju. Jucelma Jesus Santos, Coordenadora da APLB Delegacia do Jacu\u00edpe em Riach\u00e3o do Jacu\u00edpe, vice presidente do PCdoB e membro do CODETER do Territ\u00f3rio Bacia do Jacu\u00edpe. Valtim Rodrigues Lima, Presidente do PT de Itabela e Coordenador Sindical do N\u00facleo APLB daquele munic\u00edpio. Tobias Albino dos Santos, filiado ao PT de Eun\u00e1polis e Coodenador Geral do SINDIACSCER. Raimunda Santana, Diretora Regional da APLB Sindicato de S\u00e3o Sebasti\u00e3o do Pass\u00e9 e Presidente da Confedera\u00e7\u00e3o da Fanfarras da Bahia.\u00a0Grasiela, Vice Coordenadora da APLB Cabr\u00e1lia. Rubens Pereira dos Santos, Professor da Rede Estadual e Municipal de Eun\u00e1polis e Suplente de Vereador em Itagimirim.<\/p>\n<p>O Sr. Rodrigo Martins, um dos l\u00edderes do grupo, comentou com nossa reportagem que o grupo que foi formado visa exclusivamente criar a\u00e7\u00f5es organizadas para trazer uma pol\u00edtica renovada e uma op\u00e7\u00e3o interessante para os eleitores. &#8220;Todos que estiveram nessa reuni\u00e3o s\u00e3o l\u00edderes em suas cidades e queremos mudar a atual conjuntura atrav\u00e9s de um trabalho organizado que busque da esperan\u00e7a para os eleitores da regi\u00e3o. Aqui n\u00f3s discutimos as a\u00e7\u00f5es de cada um nas elei\u00e7\u00f5es municipais passadas, sugerimos ideias e agora estamos construindo um trabalho robusto na busca de uma pol\u00edtica de respeito visando o bem estar da comunidade em geral.&#8221; &#8211; Finalizou o Sr. Rodrigo.<\/p>\n<p><a href=\"http:\/\/www.maisbn.com\/portal\/wp-content\/uploads\/2017\/02\/reuniao_grupopolitico002.jpg\"><img loading=\"lazy\" decoding=\"async\" class=\"aligncenter size-full wp-image-13861\" src=\"http:\/\/www.maisbn.com\/portal\/wp-content\/uploads\/2017\/02\/reuniao_grupopolitico002.jpg\" alt=\"reuniao_grupopolitico002\" width=\"650\" height=\"412\" \/><\/a><\/p>\n<p>Os participantes da reuni\u00e3o ainda foram recebidos pelo Deputado Estadual J\u00e2nio Natal em sua resid\u00eancia em Porto Seguro onde tiveram uma proveitosa conversa. O Deputado revelou que achou interessante a iniciativa e se colocou \u00e0 disposi\u00e7\u00e3o para ajudar e contribuir com o fortalecimento dessa nova forma de fazer pol\u00edtica que est\u00e1 nascendo na regi\u00e3o. Logo ap\u00f3s as conversas, todo os integrantes presentes marcaram a data da pr\u00f3xima reuni\u00e3o que ser\u00e1 realizada no munic\u00edpio de Riach\u00e3o do Jacu\u00edpe.<\/p>\n<p>&nbsp;<\/p>\n","protected":false},"excerpt":{"rendered":"<p>No \u00faltimo dia 03\/02 nomes de peso da nova pol\u00edtica regional se reuniram para discutir os rumos dos futuros pleitos e como se posicionar frente \u00e0 realidade da pol\u00edtica baiana dentro dos pr\u00f3ximos anos. Al\u00e9m desses assuntos, tamb\u00e9m foram abordadas as a\u00e7\u00f5es de cada um dos participantes dentro das campanhas municipais e as formas de [&hellip;]<\/p>\n","protected":false},"author":7,"featured_media":13860,"comment_status":"open","ping_status":"open","sticky":false,"template":"","format":"standard","meta":{"footnotes":""},"categories":[1,7],"tags":[108],"class_list":["post-13857","post","type-post","status-publish","format-standard","has-post-thumbnail","hentry","category-noticias","category-politica","tag-belmonte"],"_links":{"self":[{"href":"https:\/\/www.maisbn.com\/portal\/wp-json\/wp\/v2\/posts\/13857","targetHints":{"allow":["GET"]}}],"collection":[{"href":"https:\/\/www.maisbn.com\/portal\/wp-json\/wp\/v2\/posts"}],"about":[{"href":"https:\/\/www.maisbn.com\/portal\/wp-json\/wp\/v2\/types\/post"}],"author":[{"embeddable":true,"href":"https:\/\/www.maisbn.com\/portal\/wp-json\/wp\/v2\/users\/7"}],"replies":[{"embeddable":true,"href":"https:\/\/www.maisbn.com\/portal\/wp-json\/wp\/v2\/comments?post=13857"}],"version-history":[{"count":5,"href":"https:\/\/www.maisbn.com\/portal\/wp-json\/wp\/v2\/posts\/13857\/revisions"}],"predecessor-version":[{"id":13874,"href":"https:\/\/www.maisbn.com\/portal\/wp-json\/wp\/v2\/posts\/13857\/revisions\/13874"}],"wp:featuredmedia":[{"embeddable":true,"href":"https:\/\/www.maisbn.com\/portal\/wp-json\/wp\/v2\/media\/13860"}],"wp:attachment":[{"href":"https:\/\/www.maisbn.com\/portal\/wp-json\/wp\/v2\/media?parent=13857"}],"wp:term":[{"taxonomy":"category","embeddable":true,"href":"https:\/\/www.maisbn.com\/portal\/wp-json\/wp\/v2\/categories?post=13857"},{"taxonomy":"post_tag","embeddable":true,"href":"https:\/\/www.maisbn.com\/portal\/wp-json\/wp\/v2\/tags?post=13857"}],"curies":[{"name":"wp","href":"https:\/\/api.w.org\/{rel}","templated":true}]}}