{"id":13807,"date":"2017-02-07T10:26:23","date_gmt":"2017-02-07T13:26:23","guid":{"rendered":"http:\/\/www.maisbn.com\/portal\/?p=13807"},"modified":"2017-02-07T10:52:51","modified_gmt":"2017-02-07T13:52:51","slug":"camara-municipal-de-belmonte-inicia-os-trabalhos-do-ano-de-2017","status":"publish","type":"post","link":"https:\/\/www.maisbn.com\/portal\/2017\/02\/camara-municipal-de-belmonte-inicia-os-trabalhos-do-ano-de-2017\/","title":{"rendered":"C\u00e2mara Municipal de Belmonte inicia os trabalhos do ano de 2017."},"content":{"rendered":"<p><a href=\"http:\/\/www.maisbn.com\/portal\/wp-content\/uploads\/2017\/02\/primeira_sessaodacamara00003.jpg\"><img loading=\"lazy\" decoding=\"async\" class=\"aligncenter size-full wp-image-13808\" src=\"http:\/\/www.maisbn.com\/portal\/wp-content\/uploads\/2017\/02\/primeira_sessaodacamara00003.jpg\" alt=\"primeira_sessaodacamara00003\" width=\"650\" height=\"412\" \/><\/a><\/p>\n<p>A C\u00e2mara Municipal de Belmonte realizou nessa segunda-feira (06\/02) a abertura dos Trabalhos do Primeiro Per\u00edodo Legislativo de 2017. A sess\u00e3o, que foi regida pelo Presidente Aelso Mattos, contou com a participa\u00e7\u00e3o de todos os vereadores e foi assistida por uma plateia compostas de Secret\u00e1rios Municipais, empres\u00e1rios e lideran\u00e7as da comunidade belmontense.<\/p>\n<p><a href=\"http:\/\/www.maisbn.com\/portal\/wp-content\/uploads\/2017\/02\/primeira_sessaodacamara00028.jpg\"><img loading=\"lazy\" decoding=\"async\" class=\"aligncenter size-full wp-image-13809\" src=\"http:\/\/www.maisbn.com\/portal\/wp-content\/uploads\/2017\/02\/primeira_sessaodacamara00028.jpg\" alt=\"primeira_sessaodacamara00028\" width=\"650\" height=\"412\" \/><\/a><\/p>\n<p>Quem tamb\u00e9m compareceu \u00e0 sess\u00e3o foi o Prefeito Janival Borges, que foi conduzido \u00e0 mesa diretora da casa pela Vereadora Nalva para fazer o seu pronunciamento. Em suas palavras, o prefeito belmontense parabenizou a vit\u00f3ria dos vereadores no pleito de 2016 e comentou que o seu governo ser\u00e1 pautado no trabalho colaborativo aonde todos poder\u00e3o participar e ajudar a sua gest\u00e3o. Janival ainda comentou que recebeu um munic\u00edpio com v\u00e1rios problemas graves e que, desde ent\u00e3o, vem lutando para san\u00e1-los e devolver a dignidade ao povo belmontense. &#8220;Em apenas 30 dias de governo as pessoas j\u00e1 est\u00e3o percebendo as mudan\u00e7as. A minha meta \u00e9 cumprir grande parte das minhas propostas e fazer essa gest\u00e3o entrar para hist\u00f3ria, para isso, conto com o apoio dos vereadores, do Deputado J\u00e2nio Natal, dos Secret\u00e1rios Municipais e de toda a comunidade belmontense para crescermos juntos na busca por uma Belmonte melhor.&#8221; &#8211; Finalizou o Prefeito Janival Borges.<\/p>\n<p><a href=\"http:\/\/www.maisbn.com\/portal\/wp-content\/uploads\/2017\/02\/primeira_sessaodacamara00026.jpg\"><img loading=\"lazy\" decoding=\"async\" class=\"aligncenter size-full wp-image-13810\" src=\"http:\/\/www.maisbn.com\/portal\/wp-content\/uploads\/2017\/02\/primeira_sessaodacamara00026.jpg\" alt=\"primeira_sessaodacamara00026\" width=\"650\" height=\"412\" \/><\/a><\/p>\n<p>Ainda durante a Sess\u00e3o foram feitas men\u00e7\u00f5es honrosas ao Senhor Jo\u00e3o Gon\u00e7alves de Almeida, feita pelo Vereador Daco, e ao empres\u00e1rio Rosangelo Andrade, feita pelo Vereador Rog\u00e9rio Bahia, enfatizando a atua\u00e7\u00e3o dos mesmos dentro da comunidade belmontense. Logo ap\u00f3s as homenagens os vereadores iniciaram as suas declara\u00e7\u00f5es e foram enf\u00e1ticos em dizer que apoiavam o executivo, mas que n\u00e3o deixariam de cumprir o papel de fiscalizar e legislar em favor dos anseios do povo belmontense.<\/p>\n<p><a href=\"http:\/\/www.maisbn.com\/portal\/wp-content\/uploads\/2017\/02\/primeira_sessaodacamara00015.jpg\"><img loading=\"lazy\" decoding=\"async\" class=\"aligncenter size-full wp-image-13811\" src=\"http:\/\/www.maisbn.com\/portal\/wp-content\/uploads\/2017\/02\/primeira_sessaodacamara00015.jpg\" alt=\"primeira_sessaodacamara00015\" width=\"650\" height=\"412\" \/><\/a><\/p>\n<p>O Vereador Aelso Mattos tamb\u00e9m tomou a palavra e em seu pronunciamento o mesmo externou que n\u00e3o abrir\u00e1 m\u00e3o da independ\u00eancia dos poderes, mas que, o Legislativo e o Executivo est\u00e3o juntos no compromisso de promover o bem estar do povo belmontense. O Vereador tamb\u00e9m revelou que essa nova legislatura ser\u00e1 mais atuante no objetivo de fiscalizar as realiza\u00e7\u00f5es do poder executivo e que a sua presid\u00eancia ser\u00e1 colaborativa, que prestar\u00e1 apoio aos 11 vereadores e que os mesmos ter\u00e3o voz ativa na hora das decis\u00f5es. Ap\u00f3s suas palavras o Vereador Aelso Mattos agradeceu a todos os presentes e encerrou a sess\u00e3o.<\/p>\n","protected":false},"excerpt":{"rendered":"<p>A C\u00e2mara Municipal de Belmonte realizou nessa segunda-feira (06\/02) a abertura dos Trabalhos do Primeiro Per\u00edodo Legislativo de 2017. A sess\u00e3o, que foi regida pelo Presidente Aelso Mattos, contou com a participa\u00e7\u00e3o de todos os vereadores e foi assistida por uma plateia compostas de Secret\u00e1rios Municipais, empres\u00e1rios e lideran\u00e7as da comunidade belmontense. Quem tamb\u00e9m compareceu [&hellip;]<\/p>\n","protected":false},"author":7,"featured_media":13808,"comment_status":"open","ping_status":"open","sticky":false,"template":"","format":"standard","meta":{"footnotes":""},"categories":[1,7],"tags":[108],"class_list":["post-13807","post","type-post","status-publish","format-standard","has-post-thumbnail","hentry","category-noticias","category-politica","tag-belmonte"],"_links":{"self":[{"href":"https:\/\/www.maisbn.com\/portal\/wp-json\/wp\/v2\/posts\/13807","targetHints":{"allow":["GET"]}}],"collection":[{"href":"https:\/\/www.maisbn.com\/portal\/wp-json\/wp\/v2\/posts"}],"about":[{"href":"https:\/\/www.maisbn.com\/portal\/wp-json\/wp\/v2\/types\/post"}],"author":[{"embeddable":true,"href":"https:\/\/www.maisbn.com\/portal\/wp-json\/wp\/v2\/users\/7"}],"replies":[{"embeddable":true,"href":"https:\/\/www.maisbn.com\/portal\/wp-json\/wp\/v2\/comments?post=13807"}],"version-history":[{"count":1,"href":"https:\/\/www.maisbn.com\/portal\/wp-json\/wp\/v2\/posts\/13807\/revisions"}],"predecessor-version":[{"id":13812,"href":"https:\/\/www.maisbn.com\/portal\/wp-json\/wp\/v2\/posts\/13807\/revisions\/13812"}],"wp:featuredmedia":[{"embeddable":true,"href":"https:\/\/www.maisbn.com\/portal\/wp-json\/wp\/v2\/media\/13808"}],"wp:attachment":[{"href":"https:\/\/www.maisbn.com\/portal\/wp-json\/wp\/v2\/media?parent=13807"}],"wp:term":[{"taxonomy":"category","embeddable":true,"href":"https:\/\/www.maisbn.com\/portal\/wp-json\/wp\/v2\/categories?post=13807"},{"taxonomy":"post_tag","embeddable":true,"href":"https:\/\/www.maisbn.com\/portal\/wp-json\/wp\/v2\/tags?post=13807"}],"curies":[{"name":"wp","href":"https:\/\/api.w.org\/{rel}","templated":true}]}}