{"id":13738,"date":"2017-02-02T07:34:27","date_gmt":"2017-02-02T10:34:27","guid":{"rendered":"http:\/\/www.maisbn.com\/portal\/?p=13738"},"modified":"2017-02-02T11:05:28","modified_gmt":"2017-02-02T14:05:28","slug":"janio-natal-e-janival-andam-pela-cidade-e-discutem-acoes-de-melhorias-para-belmonte","status":"publish","type":"post","link":"https:\/\/www.maisbn.com\/portal\/2017\/02\/janio-natal-e-janival-andam-pela-cidade-e-discutem-acoes-de-melhorias-para-belmonte\/","title":{"rendered":"J\u00e2nio Natal e Janival andam pela cidade e discutem a\u00e7\u00f5es de melhorias para Belmonte."},"content":{"rendered":"<p>O Deputado Estadual J\u00e2nio Natal fez uma visita ao munic\u00edpio de Belmonte nessa segunda-feira (30\/01) com o intuito de conferir os trabalhos realizados pela nova gest\u00e3o e discutir com o Prefeito Janival Borges os pr\u00f3ximos passos a serem seguidos para conseguir trazer mais melhorias para a cidade. Ele andou pelas ruas e aproveitou para visitar o pr\u00e9dio que abrigar\u00e1 a nova sede da Secretaria Municipal de Sa\u00fade. No local o Deputado conversou com os trabalhadores detalhes da adequa\u00e7\u00e3o do im\u00f3vel.<\/p>\n<p><a href=\"http:\/\/www.maisbn.com\/portal\/wp-content\/uploads\/2017\/02\/janiovisitas_00019.jpg\"><img loading=\"lazy\" decoding=\"async\" class=\"aligncenter size-full wp-image-13741\" src=\"http:\/\/www.maisbn.com\/portal\/wp-content\/uploads\/2017\/02\/janiovisitas_00019.jpg\" alt=\"janiovisitas_00019\" width=\"650\" height=\"412\" \/><\/a><\/p>\n<p>Logo ap\u00f3s J\u00e2nio se dirigiu ao Mercad\u00e3o Municipal onde tratou mais uma vez sobre as obras de recupera\u00e7\u00e3o e prepara\u00e7\u00e3o da estrutura para abrigar o Centro Administrativo de Belmonte com o Prefeito Janival Borges. Os dois visitaram tamb\u00e9m a Praia da Caeira onde anunciaram que planejam instalar um Parque de Lazer Municipal para receber os turistas e moradores que frequentam o local. O Deputado e o prefeito ainda foram \u00e0 Praia do Mar Moreno onde conferiram os trabalhos de requalifica\u00e7\u00e3o que inclui poda de \u00e1rvores, pintura das ciclovias e manuten\u00e7\u00e3o das cal\u00e7adas que d\u00e3o acesso \u00e0 orla belmontense.<\/p>\n<p><a href=\"http:\/\/www.maisbn.com\/portal\/wp-content\/uploads\/2017\/02\/mosaico_visitajanio021.jpg\"><img loading=\"lazy\" decoding=\"async\" class=\"aligncenter size-full wp-image-13750\" src=\"http:\/\/www.maisbn.com\/portal\/wp-content\/uploads\/2017\/02\/mosaico_visitajanio021.jpg\" alt=\"mosaico_visitajanio02\" width=\"700\" height=\"450\" \/><\/a><\/p>\n<p>O Deputado Estadual J\u00e2nio Natal se mostrou muito feliz com o andamento dos trabalhos e reafirmou a confian\u00e7a na administra\u00e7\u00e3o do Prefeito Janival Borges. J\u00e2nio ainda comentou que ainda muitas coisas boas acontecer\u00e3o no munic\u00edpio e que continuar\u00e1 lutando pelo bem estar do povo belmontense.<\/p>\n<p>&nbsp;<\/p>\n<p>&nbsp;<\/p>\n<p>&nbsp;<\/p>\n","protected":false},"excerpt":{"rendered":"<p>O Deputado Estadual J\u00e2nio Natal fez uma visita ao munic\u00edpio de Belmonte nessa segunda-feira (30\/01) com o intuito de conferir os trabalhos realizados pela nova gest\u00e3o e discutir com o Prefeito Janival Borges os pr\u00f3ximos passos a serem seguidos para conseguir trazer mais melhorias para a cidade. Ele andou pelas ruas e aproveitou para visitar [&hellip;]<\/p>\n","protected":false},"author":7,"featured_media":13743,"comment_status":"open","ping_status":"open","sticky":false,"template":"","format":"standard","meta":{"footnotes":""},"categories":[45,1],"tags":[108],"class_list":["post-13738","post","type-post","status-publish","format-standard","has-post-thumbnail","hentry","category-cidades","category-noticias","tag-belmonte"],"_links":{"self":[{"href":"https:\/\/www.maisbn.com\/portal\/wp-json\/wp\/v2\/posts\/13738","targetHints":{"allow":["GET"]}}],"collection":[{"href":"https:\/\/www.maisbn.com\/portal\/wp-json\/wp\/v2\/posts"}],"about":[{"href":"https:\/\/www.maisbn.com\/portal\/wp-json\/wp\/v2\/types\/post"}],"author":[{"embeddable":true,"href":"https:\/\/www.maisbn.com\/portal\/wp-json\/wp\/v2\/users\/7"}],"replies":[{"embeddable":true,"href":"https:\/\/www.maisbn.com\/portal\/wp-json\/wp\/v2\/comments?post=13738"}],"version-history":[{"count":8,"href":"https:\/\/www.maisbn.com\/portal\/wp-json\/wp\/v2\/posts\/13738\/revisions"}],"predecessor-version":[{"id":13751,"href":"https:\/\/www.maisbn.com\/portal\/wp-json\/wp\/v2\/posts\/13738\/revisions\/13751"}],"wp:featuredmedia":[{"embeddable":true,"href":"https:\/\/www.maisbn.com\/portal\/wp-json\/wp\/v2\/media\/13743"}],"wp:attachment":[{"href":"https:\/\/www.maisbn.com\/portal\/wp-json\/wp\/v2\/media?parent=13738"}],"wp:term":[{"taxonomy":"category","embeddable":true,"href":"https:\/\/www.maisbn.com\/portal\/wp-json\/wp\/v2\/categories?post=13738"},{"taxonomy":"post_tag","embeddable":true,"href":"https:\/\/www.maisbn.com\/portal\/wp-json\/wp\/v2\/tags?post=13738"}],"curies":[{"name":"wp","href":"https:\/\/api.w.org\/{rel}","templated":true}]}}