{"id":13733,"date":"2017-02-01T09:24:33","date_gmt":"2017-02-01T12:24:33","guid":{"rendered":"http:\/\/www.maisbn.com\/portal\/?p=13733"},"modified":"2017-02-01T09:24:33","modified_gmt":"2017-02-01T12:24:33","slug":"prefeitura-realiza-recadastramento-e-cadastramento-do-bolsa-familia-em-barrolandia","status":"publish","type":"post","link":"https:\/\/www.maisbn.com\/portal\/2017\/02\/prefeitura-realiza-recadastramento-e-cadastramento-do-bolsa-familia-em-barrolandia\/","title":{"rendered":"Prefeitura realiza recadastramento e cadastramento do Bolsa Fam\u00edlia em Barrol\u00e2ndia"},"content":{"rendered":"<p><a href=\"http:\/\/www.maisbn.com\/portal\/wp-content\/uploads\/2017\/02\/recadastramento_bolsa_familia00003.jpg\"><img loading=\"lazy\" decoding=\"async\" class=\"aligncenter size-full wp-image-13734\" src=\"http:\/\/www.maisbn.com\/portal\/wp-content\/uploads\/2017\/02\/recadastramento_bolsa_familia00003.jpg\" alt=\"recadastramento_bolsa_familia00003\" width=\"650\" height=\"362\" \/><\/a><\/p>\n<p>Para melhor atender o benefici\u00e1rio, a Prefeitura de Belmonte, por meio da Secretaria de Assist\u00eancia Social \u2013 SEMAS realizou na quinta-feira, 26\/01, e\u00a0Sexta-feira, 27\/02, o cadastramento e recadastramento do \u00a0Programa Bolsa Fam\u00edlia no povoado de Barrol\u00e2ndia. O atendimento aconteceu na\u00a0Escola Clemenceau Teixeira 1 , das 09 \u00e1s 16h.<\/p>\n<p><a href=\"http:\/\/www.maisbn.com\/portal\/wp-content\/uploads\/2017\/02\/recadastramento_bolsa_familia00001.jpg\"><img loading=\"lazy\" decoding=\"async\" class=\"aligncenter size-full wp-image-13735\" src=\"http:\/\/www.maisbn.com\/portal\/wp-content\/uploads\/2017\/02\/recadastramento_bolsa_familia00001.jpg\" alt=\"recadastramento_bolsa_familia00001\" width=\"650\" height=\"365\" \/><\/a><\/p>\n<p>De acordo com\u00a0Claudio Soares, Secret\u00e1rio de Assist\u00eancia Social, a cada dois anos \u00e9 obrigat\u00f3rio o recadastramento de usu\u00e1rios ao Cadastro \u00danico\/ Programa Bolsa Fam\u00edlia. \u201cDentro da nossa programa\u00e7\u00e3o, estamos tamb\u00e9m referenciando as fam\u00edlias ao CRAS e apresentando outros servi\u00e7os e programas da Secretaria de Assist\u00eancia Social como os servi\u00e7os do CREAS e Conselho Tutelar.\u201d<\/p>\n<p><a href=\"http:\/\/www.maisbn.com\/portal\/wp-content\/uploads\/2017\/02\/recadastramento_bolsa_familia00002.jpg\"><img loading=\"lazy\" decoding=\"async\" class=\"aligncenter size-full wp-image-13736\" src=\"http:\/\/www.maisbn.com\/portal\/wp-content\/uploads\/2017\/02\/recadastramento_bolsa_familia00002.jpg\" alt=\"recadastramento_bolsa_familia00002\" width=\"650\" height=\"365\" \/><\/a><\/p>\n<p>Os documentos necess\u00e1rios para fazer o recadastramento s\u00e3o os seguintes: do marido e mulher \u2013 Canteira de Identidade (RG), CPF, T\u00edtulo de Eleitor, Carteira de Trabalho, Comprovante de Renda, Comprovante de Resid\u00eancia (\u00c1gua, Luz e Telefone); da crian\u00e7a \u2013 Certid\u00e3o de Nascimento e Declara\u00e7\u00e3o Escolar.<\/p>\n<p><em>ASCOM &#8211; Prefeitura Municipal de Belmonte<\/em><\/p>\n","protected":false},"excerpt":{"rendered":"<p>Para melhor atender o benefici\u00e1rio, a Prefeitura de Belmonte, por meio da Secretaria de Assist\u00eancia Social \u2013 SEMAS realizou na quinta-feira, 26\/01, e\u00a0Sexta-feira, 27\/02, o cadastramento e recadastramento do \u00a0Programa Bolsa Fam\u00edlia no povoado de Barrol\u00e2ndia. O atendimento aconteceu na\u00a0Escola Clemenceau Teixeira 1 , das 09 \u00e1s 16h. De acordo com\u00a0Claudio Soares, Secret\u00e1rio de Assist\u00eancia [&hellip;]<\/p>\n","protected":false},"author":7,"featured_media":13734,"comment_status":"open","ping_status":"open","sticky":false,"template":"","format":"standard","meta":{"footnotes":""},"categories":[10,1],"tags":[108],"class_list":["post-13733","post","type-post","status-publish","format-standard","has-post-thumbnail","hentry","category-esporte","category-noticias","tag-belmonte"],"_links":{"self":[{"href":"https:\/\/www.maisbn.com\/portal\/wp-json\/wp\/v2\/posts\/13733","targetHints":{"allow":["GET"]}}],"collection":[{"href":"https:\/\/www.maisbn.com\/portal\/wp-json\/wp\/v2\/posts"}],"about":[{"href":"https:\/\/www.maisbn.com\/portal\/wp-json\/wp\/v2\/types\/post"}],"author":[{"embeddable":true,"href":"https:\/\/www.maisbn.com\/portal\/wp-json\/wp\/v2\/users\/7"}],"replies":[{"embeddable":true,"href":"https:\/\/www.maisbn.com\/portal\/wp-json\/wp\/v2\/comments?post=13733"}],"version-history":[{"count":1,"href":"https:\/\/www.maisbn.com\/portal\/wp-json\/wp\/v2\/posts\/13733\/revisions"}],"predecessor-version":[{"id":13737,"href":"https:\/\/www.maisbn.com\/portal\/wp-json\/wp\/v2\/posts\/13733\/revisions\/13737"}],"wp:featuredmedia":[{"embeddable":true,"href":"https:\/\/www.maisbn.com\/portal\/wp-json\/wp\/v2\/media\/13734"}],"wp:attachment":[{"href":"https:\/\/www.maisbn.com\/portal\/wp-json\/wp\/v2\/media?parent=13733"}],"wp:term":[{"taxonomy":"category","embeddable":true,"href":"https:\/\/www.maisbn.com\/portal\/wp-json\/wp\/v2\/categories?post=13733"},{"taxonomy":"post_tag","embeddable":true,"href":"https:\/\/www.maisbn.com\/portal\/wp-json\/wp\/v2\/tags?post=13733"}],"curies":[{"name":"wp","href":"https:\/\/api.w.org\/{rel}","templated":true}]}}