{"id":13724,"date":"2017-01-31T23:25:23","date_gmt":"2017-02-01T02:25:23","guid":{"rendered":"http:\/\/www.maisbn.com\/portal\/?p=13724"},"modified":"2017-01-31T23:25:23","modified_gmt":"2017-02-01T02:25:23","slug":"prefeito-janival-borges-e-professores-se-reunem-para-discutir-situacao-de-salarios-atrasados","status":"publish","type":"post","link":"https:\/\/www.maisbn.com\/portal\/2017\/01\/prefeito-janival-borges-e-professores-se-reunem-para-discutir-situacao-de-salarios-atrasados\/","title":{"rendered":"Prefeito Janival Borges e professores se re\u00fanem para discutir situa\u00e7\u00e3o de sal\u00e1rios atrasados."},"content":{"rendered":"<p>Professores da rede municipal de ensino de Belmonte se reuniram nessa ter\u00e7a-feira (31\/01) com o prefeito Janival Borges no intuito de buscar explica\u00e7\u00f5es sobre a situa\u00e7\u00e3o dos pagamentos n\u00e3o quitados pela gest\u00e3o anterior. Antes de acontecer a reuni\u00e3o com o gestor os professores fizeram uma concentra\u00e7\u00e3o na sede da APLB-Belmonte onde os \u00e2nimos se acirraram, j\u00e1 que, existia uma ala mais exaltada que queria fazer uma manifesta\u00e7\u00e3o na frente da sede da Prefeitura. A proposta foi rejeitada pela diretoria do sindicato e de grande parte dos professores, j\u00e1 que, o Prefeito ainda seria ouvido em uma reuni\u00e3o que aconteceria \u00e0s 16:00Hrs e o que existia at\u00e9 o momento eram meras especula\u00e7\u00f5es.<\/p>\n<p><a href=\"http:\/\/www.maisbn.com\/portal\/wp-content\/uploads\/2017\/01\/reuniaoprofessores00005.jpg\"><img loading=\"lazy\" decoding=\"async\" class=\"aligncenter size-full wp-image-13726\" src=\"http:\/\/www.maisbn.com\/portal\/wp-content\/uploads\/2017\/01\/reuniaoprofessores00005.jpg\" alt=\"reuniaoprofessores00005\" width=\"650\" height=\"390\" \/><\/a><\/p>\n<p>Os professores ent\u00e3o compareceram \u00e0 reuni\u00e3o, que foi antecipada para \u00e0s 14:00Hrs a pedido da categoria, onde o prefeito Janival Borges comentou que estava chateado com as postagens na internet e nas redes sociais, mas sabia que tudo n\u00e3o passava de a\u00e7\u00f5es de gente covarde tentando tirar proveito pol\u00edtico da situa\u00e7\u00e3o. O mesmo ressaltou o seu respeito pelo funcionalismo, mas que exigia o mesmo respeito vindo dos funcion\u00e1rios. &#8220;Eu tenho respeito por todos, mas tamb\u00e9m exijo respeito. Os pagamentos n\u00e3o foram feitos at\u00e9 a presente data porque est\u00e1vamos tomando as medidas necess\u00e1rias para garantir o direito de voc\u00eas e n\u00e3o criar problemas para a administra\u00e7\u00e3o atual. O que tiver al\u00e9m disso s\u00e3o puras especula\u00e7\u00f5es.&#8221; &#8211; Comentou o gestor.<\/p>\n<p><a href=\"http:\/\/www.maisbn.com\/portal\/wp-content\/uploads\/2017\/01\/reuniaoprofessores00010.jpg\"><img loading=\"lazy\" decoding=\"async\" class=\"aligncenter size-full wp-image-13727\" src=\"http:\/\/www.maisbn.com\/portal\/wp-content\/uploads\/2017\/01\/reuniaoprofessores00010.jpg\" alt=\"reuniaoprofessores00010\" width=\"618\" height=\"412\" \/><\/a><\/p>\n<p>Janival ainda destacou que encontrou v\u00e1rios problemas no munic\u00edpio quando assumiu. Ele revelou que todos os pr\u00e9dios da educa\u00e7\u00e3o est\u00e3o em situa\u00e7\u00e3o prec\u00e1ria e que existem v\u00e1rias d\u00edvidas a serem quitadas pelo munic\u00edpio que n\u00e3o estavam na programa\u00e7\u00e3o. &#8220;Eu sofri um desconto de quase R$ 400.000,00 na primeira parcela de recursos da minha gest\u00e3o referentes ao INSS de novembro, dezembro e do ter\u00e7o de f\u00e9rias da gest\u00e3o anterior. Tamb\u00e9m foi descontado R$ 139.000,00 em contas de energia da COELBA e todos esses descontos aconteceram em um momento que n\u00e3o tinhamos ainda acesso \u00e0s contas da Prefeitura. Existiam os recursos, mas n\u00e3o sab\u00edamos os valores.&#8221; &#8211; Comentou Janival.<\/p>\n<p><a href=\"http:\/\/www.maisbn.com\/portal\/wp-content\/uploads\/2017\/01\/reuniaoprofessores00008.jpg\"><img loading=\"lazy\" decoding=\"async\" class=\"aligncenter size-full wp-image-13728\" src=\"http:\/\/www.maisbn.com\/portal\/wp-content\/uploads\/2017\/01\/reuniaoprofessores00008.jpg\" alt=\"reuniaoprofessores00008\" width=\"618\" height=\"412\" \/><\/a><\/p>\n<p>O Sr. Alexandre Heater, Secret\u00e1rio Municipal de Finan\u00e7as, pediu a palavra e reafirmou a rela\u00e7\u00e3o de transpar\u00eancia com o funcionalismo. O mesmo ainda explicou que no dia 30\/12 chegou \u00e0s contas da prefeitura as Verbas da Repatria\u00e7\u00e3o, mas que a administra\u00e7\u00e3o anterior n\u00e3o teve tempo h\u00e1bil para efetivar os pagamentos. &#8220;N\u00f3s analisamos os dados deixados pela gest\u00e3o anterior e percebemos algumas inconsist\u00eancias nos documentos e no sistema e tivemos que fazer as corre\u00e7\u00f5es necess\u00e1rias. Tamb\u00e9m tivemos problemas com a migra\u00e7\u00e3o de sistema e ainda com as senhas de acesso \u00e0s contas banc\u00e1rias. N\u00e3o pod\u00edamos fazer as coisas de forma apressada. T\u00ednhamos que saber aonde est\u00e1vamos pisando. Ainda estamos analisando tudo.&#8221; &#8211; Comentou o Secret\u00e1rio.<\/p>\n<p><a href=\"http:\/\/www.maisbn.com\/portal\/wp-content\/uploads\/2017\/01\/reuniaoprofessores00007.jpg\"><img loading=\"lazy\" decoding=\"async\" class=\"aligncenter size-full wp-image-13729\" src=\"http:\/\/www.maisbn.com\/portal\/wp-content\/uploads\/2017\/01\/reuniaoprofessores00007.jpg\" alt=\"reuniaoprofessores00007\" width=\"650\" height=\"390\" \/><\/a><\/p>\n<p>O Prefeito Janival Borges encerrou a reuni\u00e3o anunciando que os funcion\u00e1rios iriam receber todos os valores devidos juntamente com o sal\u00e1rio de janeiro e o ter\u00e7o de f\u00e9rias nessa quarta-feira (01\/02). &#8220;Eu vou fazer em dois anos o que n\u00e3o fizeram em doze. Eu vou administrar a nossa cidade com dignidade visando sempre o bem estar de todos os belmontenses. Enfrentaremos todos os problemas e n\u00e3o correremos da nossa responsabilidade.&#8221; &#8211; Finalizou Janival.<\/p>\n<p class=\"western\">\n<p>&nbsp;<\/p>\n","protected":false},"excerpt":{"rendered":"<p>Professores da rede municipal de ensino de Belmonte se reuniram nessa ter\u00e7a-feira (31\/01) com o prefeito Janival Borges no intuito de buscar explica\u00e7\u00f5es sobre a situa\u00e7\u00e3o dos pagamentos n\u00e3o quitados pela gest\u00e3o anterior. Antes de acontecer a reuni\u00e3o com o gestor os professores fizeram uma concentra\u00e7\u00e3o na sede da APLB-Belmonte onde os \u00e2nimos se acirraram, [&hellip;]<\/p>\n","protected":false},"author":7,"featured_media":13729,"comment_status":"open","ping_status":"open","sticky":false,"template":"","format":"standard","meta":{"footnotes":""},"categories":[45,1],"tags":[108],"class_list":["post-13724","post","type-post","status-publish","format-standard","has-post-thumbnail","hentry","category-cidades","category-noticias","tag-belmonte"],"_links":{"self":[{"href":"https:\/\/www.maisbn.com\/portal\/wp-json\/wp\/v2\/posts\/13724","targetHints":{"allow":["GET"]}}],"collection":[{"href":"https:\/\/www.maisbn.com\/portal\/wp-json\/wp\/v2\/posts"}],"about":[{"href":"https:\/\/www.maisbn.com\/portal\/wp-json\/wp\/v2\/types\/post"}],"author":[{"embeddable":true,"href":"https:\/\/www.maisbn.com\/portal\/wp-json\/wp\/v2\/users\/7"}],"replies":[{"embeddable":true,"href":"https:\/\/www.maisbn.com\/portal\/wp-json\/wp\/v2\/comments?post=13724"}],"version-history":[{"count":1,"href":"https:\/\/www.maisbn.com\/portal\/wp-json\/wp\/v2\/posts\/13724\/revisions"}],"predecessor-version":[{"id":13730,"href":"https:\/\/www.maisbn.com\/portal\/wp-json\/wp\/v2\/posts\/13724\/revisions\/13730"}],"wp:featuredmedia":[{"embeddable":true,"href":"https:\/\/www.maisbn.com\/portal\/wp-json\/wp\/v2\/media\/13729"}],"wp:attachment":[{"href":"https:\/\/www.maisbn.com\/portal\/wp-json\/wp\/v2\/media?parent=13724"}],"wp:term":[{"taxonomy":"category","embeddable":true,"href":"https:\/\/www.maisbn.com\/portal\/wp-json\/wp\/v2\/categories?post=13724"},{"taxonomy":"post_tag","embeddable":true,"href":"https:\/\/www.maisbn.com\/portal\/wp-json\/wp\/v2\/tags?post=13724"}],"curies":[{"name":"wp","href":"https:\/\/api.w.org\/{rel}","templated":true}]}}