{"id":13692,"date":"2017-01-27T22:22:03","date_gmt":"2017-01-28T01:22:03","guid":{"rendered":"http:\/\/www.maisbn.com\/portal\/?p=13692"},"modified":"2017-01-27T22:22:03","modified_gmt":"2017-01-28T01:22:03","slug":"ministerio-publico-federal-pede-demolicao-de-mais-uma-barraca-em-porto-seguro","status":"publish","type":"post","link":"https:\/\/www.maisbn.com\/portal\/2017\/01\/ministerio-publico-federal-pede-demolicao-de-mais-uma-barraca-em-porto-seguro\/","title":{"rendered":"Minist\u00e9rio P\u00fablico Federal pede demoli\u00e7\u00e3o de mais uma barraca em Porto Seguro."},"content":{"rendered":"<p><a href=\"http:\/\/www.maisbn.com\/portal\/wp-content\/uploads\/2017\/01\/todeboa-dentro.jpg\"><img loading=\"lazy\" decoding=\"async\" class=\"aligncenter wp-image-13693 size-full\" src=\"http:\/\/www.maisbn.com\/portal\/wp-content\/uploads\/2017\/01\/todeboa-dentro-e1485566439683.jpg\" alt=\"todeboa-dentro\" width=\"700\" height=\"485\" \/><\/a><\/p>\n<p>O Minist\u00e9rio P\u00fablico Federal (MPF) em Eun\u00e1polis (BA) ajuizou nesta quinta-feira, 26 de janeiro, a\u00e7\u00e3o civil p\u00fablica com pedido liminar de demoli\u00e7\u00e3o da T\u00f4 de Boa, em Porto Seguro. No pedido, o \u00f3rg\u00e3o aciona a barraca, a Uni\u00e3o e o munic\u00edpio de Porto Seguro, assim como o dono da T\u00f4 de Boa, Vultemberg Santos da Silva, requerendo \u00e0 Justi\u00e7a indeniza\u00e7\u00e3o pelo dano ambiental causado pela constru\u00e7\u00e3o.<\/p>\n<p>Na a\u00e7\u00e3o, o procurador da Rep\u00fablica Samir Cabus Nachef J\u00fanior considerou que a T\u00f4 de Boa est\u00e1 instalada em local onde \u00e9 proibido haver constru\u00e7\u00f5es, por se tratar de \u00e1rea de preserva\u00e7\u00e3o ambiental permanente e de terreno de marinha. Al\u00e9m disso, o Instituto do Patrim\u00f4nio Hist\u00f3rico e Art\u00edstico Nacional (Iphan) tamb\u00e9m j\u00e1 havia caracterizado o local como Zona de Valor Paisag\u00edstico. A barraca tamb\u00e9m n\u00e3o tem autoriza\u00e7\u00e3o da Uni\u00e3o para funcionar.<\/p>\n<p>Nachef ressaltou que \u201cnada disso seria poss\u00edvel sem a omiss\u00e3o dos poderes p\u00fablicos, principalmente da Uni\u00e3o e do pr\u00f3prio munic\u00edpio de Porto Seguro\u201d, motivo pelo qual foram acionados. De acordo com a Constitui\u00e7\u00e3o Federal, as praias s\u00e3o de responsabilidade da Uni\u00e3o, cabendo aos munic\u00edpios zelar sobre o meio ambiente de forma complementar. O estado da Bahia possui ainda, em sua Constitui\u00e7\u00e3o Estadual, artigo que garante o livre acesso \u00e0s praias, ficando proibida qualquer constru\u00e7\u00e3o particular em faixa de, no m\u00ednimo, 60 metros a partir da linha de preamar \u2014 n\u00edvel m\u00e1ximo da mar\u00e9 cheia.<\/p>\n<p>O MPF requer \u00e0 Justi\u00e7a Federal, em car\u00e1ter liminar, que a barraca seja demolida. E, ao final do processo, que os r\u00e9us retirem do local quaisquer outras constru\u00e7\u00f5es relacionadas \u00e0 T\u00f4 de Boa e sejam obrigados a recuperar a \u00e1rea, mediante elabora\u00e7\u00e3o de um Plano de Recupera\u00e7\u00e3o de \u00c1reas Degradadas, a ser aprovado pelos \u00f3rg\u00e3os competentes.<\/p>\n<p>Nachef requer, ainda, que Vultemberg e a barraca T\u00f4 de Boa indenizem a Uni\u00e3o pelos danos causados em no m\u00ednimo R$ 100 mil; e que a Uni\u00e3o e o munic\u00edpio de Porto Seguro supervisionem as obras de demoli\u00e7\u00e3o e paguem indeniza\u00e7\u00e3o, em valor a ser definido pela Justi\u00e7a, pelo dano ambiental causado.<\/p>\n","protected":false},"excerpt":{"rendered":"<p>O Minist\u00e9rio P\u00fablico Federal (MPF) em Eun\u00e1polis (BA) ajuizou nesta quinta-feira, 26 de janeiro, a\u00e7\u00e3o civil p\u00fablica com pedido liminar de demoli\u00e7\u00e3o da T\u00f4 de Boa, em Porto Seguro. No pedido, o \u00f3rg\u00e3o aciona a barraca, a Uni\u00e3o e o munic\u00edpio de Porto Seguro, assim como o dono da T\u00f4 de Boa, Vultemberg Santos da [&hellip;]<\/p>\n","protected":false},"author":7,"featured_media":13693,"comment_status":"open","ping_status":"open","sticky":false,"template":"","format":"standard","meta":{"footnotes":""},"categories":[45,1],"tags":[108],"class_list":["post-13692","post","type-post","status-publish","format-standard","has-post-thumbnail","hentry","category-cidades","category-noticias","tag-belmonte"],"_links":{"self":[{"href":"https:\/\/www.maisbn.com\/portal\/wp-json\/wp\/v2\/posts\/13692","targetHints":{"allow":["GET"]}}],"collection":[{"href":"https:\/\/www.maisbn.com\/portal\/wp-json\/wp\/v2\/posts"}],"about":[{"href":"https:\/\/www.maisbn.com\/portal\/wp-json\/wp\/v2\/types\/post"}],"author":[{"embeddable":true,"href":"https:\/\/www.maisbn.com\/portal\/wp-json\/wp\/v2\/users\/7"}],"replies":[{"embeddable":true,"href":"https:\/\/www.maisbn.com\/portal\/wp-json\/wp\/v2\/comments?post=13692"}],"version-history":[{"count":1,"href":"https:\/\/www.maisbn.com\/portal\/wp-json\/wp\/v2\/posts\/13692\/revisions"}],"predecessor-version":[{"id":13694,"href":"https:\/\/www.maisbn.com\/portal\/wp-json\/wp\/v2\/posts\/13692\/revisions\/13694"}],"wp:featuredmedia":[{"embeddable":true,"href":"https:\/\/www.maisbn.com\/portal\/wp-json\/wp\/v2\/media\/13693"}],"wp:attachment":[{"href":"https:\/\/www.maisbn.com\/portal\/wp-json\/wp\/v2\/media?parent=13692"}],"wp:term":[{"taxonomy":"category","embeddable":true,"href":"https:\/\/www.maisbn.com\/portal\/wp-json\/wp\/v2\/categories?post=13692"},{"taxonomy":"post_tag","embeddable":true,"href":"https:\/\/www.maisbn.com\/portal\/wp-json\/wp\/v2\/tags?post=13692"}],"curies":[{"name":"wp","href":"https:\/\/api.w.org\/{rel}","templated":true}]}}