{"id":13585,"date":"2017-01-17T22:37:49","date_gmt":"2017-01-18T01:37:49","guid":{"rendered":"http:\/\/www.maisbn.com\/portal\/?p=13585"},"modified":"2017-01-17T22:46:22","modified_gmt":"2017-01-18T01:46:22","slug":"janio-natal-e-vereadores-aelson-e-alfredo-conversam-sobre-projeto-do-centro-administrativo","status":"publish","type":"post","link":"https:\/\/www.maisbn.com\/portal\/2017\/01\/janio-natal-e-vereadores-aelson-e-alfredo-conversam-sobre-projeto-do-centro-administrativo\/","title":{"rendered":"J\u00e2nio Natal e Vereadores Aelson e Alfredo conversam sobre Projeto do Centro Administrativo."},"content":{"rendered":"<p><a href=\"http:\/\/www.maisbn.com\/portal\/wp-content\/uploads\/2017\/01\/apresentacaoprojeto00001.jpg\"><img loading=\"lazy\" decoding=\"async\" class=\"aligncenter size-full wp-image-13591\" src=\"http:\/\/www.maisbn.com\/portal\/wp-content\/uploads\/2017\/01\/apresentacaoprojeto00001.jpg\" alt=\"apresentacaoprojeto00001\" width=\"650\" height=\"412\" \/><\/a><\/p>\n<p>Nessa ter\u00e7a-feira (17\/01) o Deputado Estadual J\u00e2nio Natal se reuniu com o Presidente e o Vice-presidente do Legislativo belmontense, vereadores Aelson Matos e Alfredo Abecerb respectivamente, para conversar sobre o projeto que revitalizar\u00e1 o Mercad\u00e3o.<\/p>\n<p>J\u00e2nio Natal comentou com os vereadores que depois das obras de recupera\u00e7\u00e3o o pr\u00e9dio se tornar\u00e1 o Centro Administrativo de Belmonte onde funcionar\u00e1 um gabinete onde atender\u00e1 o Prefeito Janival Andrade e as salas onde ser\u00e3o instaladas as Secretarias Municipais. Tamb\u00e9m funcionar\u00e3o no mesmo local os Servi\u00e7os de Atendimento ao Cidad\u00e3o, onde as pessoas poder\u00e3o tirar Carteiras de Trabalho, de Identidade, Reservistas, entre outros diversos servi\u00e7os.<\/p>\n<p>Em conversa com nossa equipe, O vereador Aelson Matos comentou que gostou do projeto e considera que a revitaliza\u00e7\u00e3o do local \u00e9 um dos anseios do povo belmontese. &#8220;N\u00e3o tenho d\u00favidas que esse \u00e9 um projeto muito importante. A cidade vai ganhar um Centro Administrativo com uma boa estrutura que agilizar\u00e1 a implementa\u00e7\u00e3o dos servi\u00e7os \u00e0 comunidade.&#8221; &#8211; Comentou o Presidente da C\u00e2mara de Vereadores.<\/p>\n<p>&nbsp;<\/p>\n","protected":false},"excerpt":{"rendered":"<p>Nessa ter\u00e7a-feira (17\/01) o Deputado Estadual J\u00e2nio Natal se reuniu com o Presidente e o Vice-presidente do Legislativo belmontense, vereadores Aelson Matos e Alfredo Abecerb respectivamente, para conversar sobre o projeto que revitalizar\u00e1 o Mercad\u00e3o. J\u00e2nio Natal comentou com os vereadores que depois das obras de recupera\u00e7\u00e3o o pr\u00e9dio se tornar\u00e1 o Centro Administrativo de [&hellip;]<\/p>\n","protected":false},"author":7,"featured_media":13591,"comment_status":"open","ping_status":"open","sticky":false,"template":"","format":"standard","meta":{"footnotes":""},"categories":[45,1],"tags":[108],"class_list":["post-13585","post","type-post","status-publish","format-standard","has-post-thumbnail","hentry","category-cidades","category-noticias","tag-belmonte"],"_links":{"self":[{"href":"https:\/\/www.maisbn.com\/portal\/wp-json\/wp\/v2\/posts\/13585","targetHints":{"allow":["GET"]}}],"collection":[{"href":"https:\/\/www.maisbn.com\/portal\/wp-json\/wp\/v2\/posts"}],"about":[{"href":"https:\/\/www.maisbn.com\/portal\/wp-json\/wp\/v2\/types\/post"}],"author":[{"embeddable":true,"href":"https:\/\/www.maisbn.com\/portal\/wp-json\/wp\/v2\/users\/7"}],"replies":[{"embeddable":true,"href":"https:\/\/www.maisbn.com\/portal\/wp-json\/wp\/v2\/comments?post=13585"}],"version-history":[{"count":4,"href":"https:\/\/www.maisbn.com\/portal\/wp-json\/wp\/v2\/posts\/13585\/revisions"}],"predecessor-version":[{"id":13594,"href":"https:\/\/www.maisbn.com\/portal\/wp-json\/wp\/v2\/posts\/13585\/revisions\/13594"}],"wp:featuredmedia":[{"embeddable":true,"href":"https:\/\/www.maisbn.com\/portal\/wp-json\/wp\/v2\/media\/13591"}],"wp:attachment":[{"href":"https:\/\/www.maisbn.com\/portal\/wp-json\/wp\/v2\/media?parent=13585"}],"wp:term":[{"taxonomy":"category","embeddable":true,"href":"https:\/\/www.maisbn.com\/portal\/wp-json\/wp\/v2\/categories?post=13585"},{"taxonomy":"post_tag","embeddable":true,"href":"https:\/\/www.maisbn.com\/portal\/wp-json\/wp\/v2\/tags?post=13585"}],"curies":[{"name":"wp","href":"https:\/\/api.w.org\/{rel}","templated":true}]}}