{"id":13562,"date":"2017-01-13T15:14:07","date_gmt":"2017-01-13T18:14:07","guid":{"rendered":"http:\/\/www.maisbn.com\/portal\/?p=13562"},"modified":"2017-01-13T15:15:25","modified_gmt":"2017-01-13T18:15:25","slug":"secretario-de-educacao-paulo-carvalho-e-o-prefeito-janival-se-reune-com-diretores-escolares","status":"publish","type":"post","link":"https:\/\/www.maisbn.com\/portal\/2017\/01\/secretario-de-educacao-paulo-carvalho-e-o-prefeito-janival-se-reune-com-diretores-escolares\/","title":{"rendered":"Secret\u00e1rio de Educa\u00e7\u00e3o, Paulo Carvalho e o Prefeito Janival, se re\u00fane com diretores escolares"},"content":{"rendered":"<p id=\"m_7653676089146208159gmail-m_-2448891796262101473yui_3_16_0_ym19_1_1483702013181_57729\"><span id=\"m_7653676089146208159gmail-m_-2448891796262101473yui_3_16_0_ym19_1_1483702013181_57724\">Cumprindo uma extensa agenda nas primeiras semanas, ap\u00f3s assumir a Secretaria de Educa\u00e7\u00e3o\u00a0de Belmonte,\u00a0Paulo Carvalho, acompanhado do Prefeito Janival Borges, <\/span><span id=\"m_7653676089146208159gmail-m_-2448891796262101473yui_3_16_0_ym19_1_1483702013181_57724\">se reuniu\u00a0na manh\u00e3 de hoje (13\/01)\u00a0com os gestores escolares da rede municipal de ensino. <\/span><\/p>\n<p><a href=\"http:\/\/www.maisbn.com\/portal\/wp-content\/uploads\/2017\/01\/reuniaoeducacao00001.jpg\"><img loading=\"lazy\" decoding=\"async\" class=\"aligncenter size-full wp-image-13563\" src=\"http:\/\/www.maisbn.com\/portal\/wp-content\/uploads\/2017\/01\/reuniaoeducacao00001.jpg\" alt=\"reuniaoeducacao00001\" width=\"650\" height=\"412\" \/><\/a><\/p>\n<p><span id=\"m_7653676089146208159gmail-m_-2448891796262101473yui_3_16_0_ym19_1_1483702013181_57727\">A reuni\u00e3o de trabalho aconteceu no pr\u00e9dio da Secretaria de Educa\u00e7\u00e3o com os diretores e vice-diretores. Durante o encontro foram apresentados os dados educacionais, op\u00e7\u00e3o de grade do ano letivo, adequa\u00e7\u00e3o escolar, educa\u00e7\u00e3o inclusiva, plano de gest\u00e3o (estrutura f\u00edsica e humana), programa\u00e7\u00e3o para jornada pedag\u00f3gica, programa\u00e7\u00e3o de matr\u00edculas e planejamento de reordenamento educacional de 2017.<\/span><\/p>\n<p>&nbsp;<\/p>\n<p><a href=\"http:\/\/www.maisbn.com\/portal\/wp-content\/uploads\/2017\/01\/reuniaoeducacao00002.jpg\"><img loading=\"lazy\" decoding=\"async\" class=\"aligncenter size-full wp-image-13564\" src=\"http:\/\/www.maisbn.com\/portal\/wp-content\/uploads\/2017\/01\/reuniaoeducacao00002.jpg\" alt=\"reuniaoeducacao00002\" width=\"650\" height=\"412\" \/><\/a><\/p>\n<p><span id=\"m_7653676089146208159gmail-m_-2448891796262101473yui_3_16_0_ym19_1_1483702013181_57730\">Em seu pronunciamento,\u00a0Paulo\u00a0<wbr><\/wbr>agradeceu a confian\u00e7a do prefeito\u00a0Janival\u00a0e refor\u00e7ou a import\u00e2ncia da integra\u00e7\u00e3o da equipe para o acolhimento da comunidade no processo de matr\u00edcula escolar. O mesmo ainda comentou sobre os preparativos da jornada pedag\u00f3gica que acontecer\u00e1 de 13 \u00e0 17 de fevereiro . <\/span><span id=\"m_7653676089146208159gmail-m_-2448891796262101473yui_3_16_0_ym19_1_1483702013181_57733\">\u201cEstamos preparados para os desafios. Mas sabemos que essa caminhada \u00e9 conjunta e precisamos estar alinhados para dar inicio ao novo projeto de educa\u00e7\u00e3o que ser\u00e1 implantado em todo munic\u00edpio de Belmonte. Contamos com a colabora\u00e7\u00e3o de todos os servidores, professores, gestores escolares da zona urbana e rural\u201d, disse\u00a0o\u00a0secret\u00e1rio\u00a0Paulo.<\/span><\/p>\n<p>&nbsp;<\/p>\n<p><a href=\"http:\/\/www.maisbn.com\/portal\/wp-content\/uploads\/2017\/01\/reuniaoeducacao00003.jpg\"><img loading=\"lazy\" decoding=\"async\" class=\"aligncenter size-full wp-image-13565\" src=\"http:\/\/www.maisbn.com\/portal\/wp-content\/uploads\/2017\/01\/reuniaoeducacao00003.jpg\" alt=\"reuniaoeducacao00003\" width=\"650\" height=\"412\" \/><\/a><\/p>\n<p>O prefeito Janival\u00a0em seu pronunciamento\u00a0pediu empenho no trabalho que v\u00e3o realizar a frente das unidades escolares que ir\u00e3o\u00a0iniciar as aulas no dia 02 de mar\u00e7o. O gestor ainda falou um pouco dos problemas que a gest\u00e3o vem encontrando na\u00a0\u00e1rea da educa\u00e7\u00e3o e finalizou colocando que o seu desejo \u00e9 melhorar ainda mais a educa\u00e7\u00e3o no munic\u00edpio.<\/p>\n<p>&nbsp;<\/p>\n<p><em>ASCOM &#8211; PREFEITURA DE BELMONTE<\/em><\/p>\n","protected":false},"excerpt":{"rendered":"<p>Cumprindo uma extensa agenda nas primeiras semanas, ap\u00f3s assumir a Secretaria de Educa\u00e7\u00e3o\u00a0de Belmonte,\u00a0Paulo Carvalho, acompanhado do Prefeito Janival Borges, se reuniu\u00a0na manh\u00e3 de hoje (13\/01)\u00a0com os gestores escolares da rede municipal de ensino. A reuni\u00e3o de trabalho aconteceu no pr\u00e9dio da Secretaria de Educa\u00e7\u00e3o com os diretores e vice-diretores. Durante o encontro foram apresentados [&hellip;]<\/p>\n","protected":false},"author":7,"featured_media":13563,"comment_status":"open","ping_status":"open","sticky":false,"template":"","format":"standard","meta":{"footnotes":""},"categories":[45,1],"tags":[108],"class_list":["post-13562","post","type-post","status-publish","format-standard","has-post-thumbnail","hentry","category-cidades","category-noticias","tag-belmonte"],"_links":{"self":[{"href":"https:\/\/www.maisbn.com\/portal\/wp-json\/wp\/v2\/posts\/13562","targetHints":{"allow":["GET"]}}],"collection":[{"href":"https:\/\/www.maisbn.com\/portal\/wp-json\/wp\/v2\/posts"}],"about":[{"href":"https:\/\/www.maisbn.com\/portal\/wp-json\/wp\/v2\/types\/post"}],"author":[{"embeddable":true,"href":"https:\/\/www.maisbn.com\/portal\/wp-json\/wp\/v2\/users\/7"}],"replies":[{"embeddable":true,"href":"https:\/\/www.maisbn.com\/portal\/wp-json\/wp\/v2\/comments?post=13562"}],"version-history":[{"count":2,"href":"https:\/\/www.maisbn.com\/portal\/wp-json\/wp\/v2\/posts\/13562\/revisions"}],"predecessor-version":[{"id":13567,"href":"https:\/\/www.maisbn.com\/portal\/wp-json\/wp\/v2\/posts\/13562\/revisions\/13567"}],"wp:featuredmedia":[{"embeddable":true,"href":"https:\/\/www.maisbn.com\/portal\/wp-json\/wp\/v2\/media\/13563"}],"wp:attachment":[{"href":"https:\/\/www.maisbn.com\/portal\/wp-json\/wp\/v2\/media?parent=13562"}],"wp:term":[{"taxonomy":"category","embeddable":true,"href":"https:\/\/www.maisbn.com\/portal\/wp-json\/wp\/v2\/categories?post=13562"},{"taxonomy":"post_tag","embeddable":true,"href":"https:\/\/www.maisbn.com\/portal\/wp-json\/wp\/v2\/tags?post=13562"}],"curies":[{"name":"wp","href":"https:\/\/api.w.org\/{rel}","templated":true}]}}