{"id":13513,"date":"2017-01-05T12:57:27","date_gmt":"2017-01-05T15:57:27","guid":{"rendered":"http:\/\/www.maisbn.com\/portal\/?p=13513"},"modified":"2017-01-05T12:57:27","modified_gmt":"2017-01-05T15:57:27","slug":"vacina-para-hpv-comeca-a-ser-distribuida-a-partir-do-dia-09-a-meninos","status":"publish","type":"post","link":"https:\/\/www.maisbn.com\/portal\/2017\/01\/vacina-para-hpv-comeca-a-ser-distribuida-a-partir-do-dia-09-a-meninos\/","title":{"rendered":"VACINA PARA HPV COME\u00c7A A SER DISTRIBU\u00cdDA A PARTIR DO DIA 09 A MENINOS."},"content":{"rendered":"<div dir=\"ltr\">\n<p><a href=\"http:\/\/www.maisbn.com\/portal\/wp-content\/uploads\/2017\/01\/HPV_PREFEITURA.jpg\"><img loading=\"lazy\" decoding=\"async\" class=\"aligncenter wp-image-13514 size-full\" src=\"http:\/\/www.maisbn.com\/portal\/wp-content\/uploads\/2017\/01\/HPV_PREFEITURA-e1483631720127.jpg\" alt=\"hpv_prefeitura\" width=\"700\" height=\"421\" \/><\/a><\/p>\n<p>A partir deste m\u00eas, a Secretaria de Sa\u00fade vai passar a oferecer a vacina contra o HPV para meninos de 12 a 13 anos como parte do Calend\u00e1rio Nacional de Vacina\u00e7\u00e3o. A faixa et\u00e1ria, de acordo com o Minist\u00e9rio da Sa\u00fade, ser\u00e1 ampliada gradativamente at\u00e9 2020, per\u00edodo em que ser\u00e3o inclu\u00eddos meninos de 9 a 13 anos.<\/p>\n<p>A expectativa da pasta \u00e9 imunizar mais de 3,6 milh\u00f5es de meninos este ano, al\u00e9m de 99,5 mil crian\u00e7as e jovens de 9 a 26 anos que vivem com HIV\/aids no Brasil. Ser\u00e3o adquiridas, ao todo, 6 milh\u00f5es de doses ao custo de R$ 288,4 milh\u00f5es.<\/p>\n<p>De acordo com o governo federal, o Brasil \u00e9 o primeiro pa\u00eds da Am\u00e9rica Latina e o s\u00e9timo no mundo a oferecer a vacina contra o HPV para meninos em programas nacionais de imuniza\u00e7\u00e3o. Estados Unidos, Austr\u00e1lia, \u00c1ustria, Israel, Porto Rico e Panam\u00e1 j\u00e1 fazem a distribui\u00e7\u00e3o da dose para adolescentes do sexo masculino.<\/p>\n<p><strong>Duas doses<\/strong><\/p>\n<p>O esquema vacinal contra o HPV para meninos ser\u00e1 de duas doses, com seis meses de intervalo entre elas. Os meninos devem ser levados ao Posto de Sa\u00fade mais pr\u00f3ximo a partir do dia 09 de janeiro at\u00e9 o dia 23 para ser vacinado. J\u00e1 para os que vivem com HIV, o esquema vacinal \u00e9 de tr\u00eas doses, com intervalo de dois e seis meses, respectivamente. Nesses casos, \u00e9 necess\u00e1rio apresentar prescri\u00e7\u00e3o m\u00e9dica.<\/p>\n<p><strong>A doen\u00e7a<\/strong><\/p>\n<p>HPV \u00e9 a sigla em ingl\u00eas para papiloma v\u00edrus humano, capazes de infectar a pele ou as mucosas. Existem mais de 150 tipos, sendo que cerca de 40 podem infectar o trato ano-genital.<\/p>\n<p>A infec\u00e7\u00e3o \u00e9 muito frequente, mas transit\u00f3ria, regredindo espontaneamente na maioria das vezes. No pequeno n\u00famero de casos nos quais a infec\u00e7\u00e3o persiste, pode ocorrer o desenvolvimento de les\u00f5es precursoras que, se n\u00e3o forem identificadas e tratadas, podem progredir para o c\u00e2ncer, principalmente no colo do \u00fatero, mas tamb\u00e9m na vagina, vulva, \u00e2nus, p\u00eanis, orofaringe e boca.<\/p>\n<p>Pelo menos 13 tipos de HPV s\u00e3o considerados oncog\u00eanicos, apresentando maior risco ou probabilidade de provocar infec\u00e7\u00f5es persistentes e estar associados a les\u00f5es precursoras. Dentre eles, os tipos 16 e 18 est\u00e3o presentes em 70% dos casos de c\u00e2ncer do colo do \u00fatero.<\/p>\n<p><em>ASCOM\/PREFEITURA MUNICIPAL DE BELMONTE<\/em><\/p>\n<\/div>\n","protected":false},"excerpt":{"rendered":"<p>A partir deste m\u00eas, a Secretaria de Sa\u00fade vai passar a oferecer a vacina contra o HPV para meninos de 12 a 13 anos como parte do Calend\u00e1rio Nacional de Vacina\u00e7\u00e3o. A faixa et\u00e1ria, de acordo com o Minist\u00e9rio da Sa\u00fade, ser\u00e1 ampliada gradativamente at\u00e9 2020, per\u00edodo em que ser\u00e3o inclu\u00eddos meninos de 9 a [&hellip;]<\/p>\n","protected":false},"author":7,"featured_media":13514,"comment_status":"open","ping_status":"open","sticky":false,"template":"","format":"standard","meta":{"footnotes":""},"categories":[1,28],"tags":[108],"class_list":["post-13513","post","type-post","status-publish","format-standard","has-post-thumbnail","hentry","category-noticias","category-saude-noticias","tag-belmonte"],"_links":{"self":[{"href":"https:\/\/www.maisbn.com\/portal\/wp-json\/wp\/v2\/posts\/13513","targetHints":{"allow":["GET"]}}],"collection":[{"href":"https:\/\/www.maisbn.com\/portal\/wp-json\/wp\/v2\/posts"}],"about":[{"href":"https:\/\/www.maisbn.com\/portal\/wp-json\/wp\/v2\/types\/post"}],"author":[{"embeddable":true,"href":"https:\/\/www.maisbn.com\/portal\/wp-json\/wp\/v2\/users\/7"}],"replies":[{"embeddable":true,"href":"https:\/\/www.maisbn.com\/portal\/wp-json\/wp\/v2\/comments?post=13513"}],"version-history":[{"count":1,"href":"https:\/\/www.maisbn.com\/portal\/wp-json\/wp\/v2\/posts\/13513\/revisions"}],"predecessor-version":[{"id":13515,"href":"https:\/\/www.maisbn.com\/portal\/wp-json\/wp\/v2\/posts\/13513\/revisions\/13515"}],"wp:featuredmedia":[{"embeddable":true,"href":"https:\/\/www.maisbn.com\/portal\/wp-json\/wp\/v2\/media\/13514"}],"wp:attachment":[{"href":"https:\/\/www.maisbn.com\/portal\/wp-json\/wp\/v2\/media?parent=13513"}],"wp:term":[{"taxonomy":"category","embeddable":true,"href":"https:\/\/www.maisbn.com\/portal\/wp-json\/wp\/v2\/categories?post=13513"},{"taxonomy":"post_tag","embeddable":true,"href":"https:\/\/www.maisbn.com\/portal\/wp-json\/wp\/v2\/tags?post=13513"}],"curies":[{"name":"wp","href":"https:\/\/api.w.org\/{rel}","templated":true}]}}