{"id":13507,"date":"2017-01-05T10:29:42","date_gmt":"2017-01-05T13:29:42","guid":{"rendered":"http:\/\/www.maisbn.com\/portal\/?p=13507"},"modified":"2017-01-05T10:33:58","modified_gmt":"2017-01-05T13:33:58","slug":"preso-um-dos-envolvidos-na-morte-do-agricultor-idalio-campos","status":"publish","type":"post","link":"https:\/\/www.maisbn.com\/portal\/2017\/01\/preso-um-dos-envolvidos-na-morte-do-agricultor-idalio-campos\/","title":{"rendered":"Preso um dos envolvidos na morte do agricultor Id\u00e1lio Campos."},"content":{"rendered":"<p style=\"text-align: left;\">Uma opera\u00e7\u00e3o bem sucedida da Policia Militar de Belmonte, com base em informa\u00e7\u00f5es obtidas pela Policia Civil, prendeu um dos envolvidos no homic\u00eddio que teve como v\u00edtima o agricultor Id\u00e1lio Campos dos Santos, morto na madrugada do dia 16\/12 a tiros e golpes de fac\u00e3o. O fato aconteceu por volta das 16:00Hrs quando a guarni\u00e7\u00e3o de servi\u00e7o chegou \u00e0 resid\u00eancia localizada na Rua Santa Cruz, no Bairro Ponta de Areia, onde o acusado identificado pelas iniciais M.C.J (17 anos) morava com a sua m\u00e3e e irm\u00e3os. O mesmo percebendo a aproxima\u00e7\u00e3o da viatura ainda tentou fugir, mas foi interceptado pelos policiais militares nos fundos de uma casa vizinha.<\/p>\n<p><a href=\"http:\/\/www.maisbn.com\/portal\/wp-content\/uploads\/2017\/01\/menor_homicida00001.jpg\"><img loading=\"lazy\" decoding=\"async\" class=\"aligncenter size-full wp-image-13508\" src=\"http:\/\/www.maisbn.com\/portal\/wp-content\/uploads\/2017\/01\/menor_homicida00001.jpg\" alt=\"menor_homicida00001\" width=\"650\" height=\"412\" \/><\/a><\/p>\n<p>M.C.J foi conduzido para a Delegacia de Belmonte onde confirmou que participou do assassinato do agricultor porque tinha uma rixa antiga com o mesmo. O menor ainda contou aos policiais que teve a ajuda de mais dois comparsas vindos da cidade de Canavieiras que queriam as armas que se encontravam na resid\u00eancia da v\u00edtima e que queriam elimina-lo porque Id\u00e1lio teria descoberto um suposto plantio de maconha. Segundo o menor, os envolvidos tinham receio de que o agricultor denunciasse a atividade criminosa \u00e0s autoridades. O envolvido ainda revelou aos policiais que no dia do assassinato foram levados da propriedade 01 revolver calibre .38, 01 rifle e uma motosserra.<\/p>\n<div id=\"attachment_13509\" style=\"width: 660px\" class=\"wp-caption aligncenter\"><a href=\"http:\/\/www.maisbn.com\/portal\/wp-content\/uploads\/2017\/01\/menor_homicida00002.jpg\"><img loading=\"lazy\" decoding=\"async\" aria-describedby=\"caption-attachment-13509\" class=\"size-full wp-image-13509\" src=\"http:\/\/www.maisbn.com\/portal\/wp-content\/uploads\/2017\/01\/menor_homicida00002.jpg\" alt=\"O menor foi torturado a golpes de fac\u00e3o por desconhecidos.\" width=\"650\" height=\"412\" \/><\/a><p id=\"caption-attachment-13509\" class=\"wp-caption-text\">O menor foi torturado a golpes de fac\u00e3o por desconhecidos.<\/p><\/div>\n<p>Foram identificadas, no momento da pris\u00e3o, no corpo do menor diversos ferimentos. Questionado, o mesmo contou aos policiais que foi v\u00edtima de um atentado contra a sua vida onde homens encapuzados e armados de fac\u00e3o o capturaram, o torturaram efetuando v\u00e1rios cortes em seu corpo e o jogaram no rio amarrado a uma pedra muito pesada. M.C.J comentou com os policiais que s\u00f3 conseguiu escapar porque a mar\u00e9 naquele momento estava um pouco baixa e um pescador que passava pela localidade ouviu os seus gritos e o salvou de morrer afogado. O menor ainda contou que n\u00e3o procurou o hospital para tratar dos ferimentos porque tinha medo ser preso ou morto pelos mesmos homens que atentaram contra a sua vida.<\/p>\n<p>As opera\u00e7\u00f5es policiais continuam na busca dos outros dois envolvidos que se encontram foragidos.<\/p>\n","protected":false},"excerpt":{"rendered":"<p>Uma opera\u00e7\u00e3o bem sucedida da Policia Militar de Belmonte, com base em informa\u00e7\u00f5es obtidas pela Policia Civil, prendeu um dos envolvidos no homic\u00eddio que teve como v\u00edtima o agricultor Id\u00e1lio Campos dos Santos, morto na madrugada do dia 16\/12 a tiros e golpes de fac\u00e3o. O fato aconteceu por volta das 16:00Hrs quando a guarni\u00e7\u00e3o [&hellip;]<\/p>\n","protected":false},"author":7,"featured_media":13508,"comment_status":"open","ping_status":"open","sticky":false,"template":"","format":"standard","meta":{"footnotes":""},"categories":[1,16],"tags":[108],"class_list":["post-13507","post","type-post","status-publish","format-standard","has-post-thumbnail","hentry","category-noticias","category-policial","tag-belmonte"],"_links":{"self":[{"href":"https:\/\/www.maisbn.com\/portal\/wp-json\/wp\/v2\/posts\/13507","targetHints":{"allow":["GET"]}}],"collection":[{"href":"https:\/\/www.maisbn.com\/portal\/wp-json\/wp\/v2\/posts"}],"about":[{"href":"https:\/\/www.maisbn.com\/portal\/wp-json\/wp\/v2\/types\/post"}],"author":[{"embeddable":true,"href":"https:\/\/www.maisbn.com\/portal\/wp-json\/wp\/v2\/users\/7"}],"replies":[{"embeddable":true,"href":"https:\/\/www.maisbn.com\/portal\/wp-json\/wp\/v2\/comments?post=13507"}],"version-history":[{"count":3,"href":"https:\/\/www.maisbn.com\/portal\/wp-json\/wp\/v2\/posts\/13507\/revisions"}],"predecessor-version":[{"id":13512,"href":"https:\/\/www.maisbn.com\/portal\/wp-json\/wp\/v2\/posts\/13507\/revisions\/13512"}],"wp:featuredmedia":[{"embeddable":true,"href":"https:\/\/www.maisbn.com\/portal\/wp-json\/wp\/v2\/media\/13508"}],"wp:attachment":[{"href":"https:\/\/www.maisbn.com\/portal\/wp-json\/wp\/v2\/media?parent=13507"}],"wp:term":[{"taxonomy":"category","embeddable":true,"href":"https:\/\/www.maisbn.com\/portal\/wp-json\/wp\/v2\/categories?post=13507"},{"taxonomy":"post_tag","embeddable":true,"href":"https:\/\/www.maisbn.com\/portal\/wp-json\/wp\/v2\/tags?post=13507"}],"curies":[{"name":"wp","href":"https:\/\/api.w.org\/{rel}","templated":true}]}}