{"id":13471,"date":"2017-01-01T18:50:51","date_gmt":"2017-01-01T21:50:51","guid":{"rendered":"http:\/\/www.maisbn.com\/portal\/?p=13471"},"modified":"2017-01-01T18:50:51","modified_gmt":"2017-01-01T21:50:51","slug":"janival-e-o-novo-prefeito-de-belmonte-e-trabalhara-em-parceria-com-janio-natal","status":"publish","type":"post","link":"https:\/\/www.maisbn.com\/portal\/2017\/01\/janival-e-o-novo-prefeito-de-belmonte-e-trabalhara-em-parceria-com-janio-natal\/","title":{"rendered":"Janival \u00e9 o novo prefeito de Belmonte e trabalhar\u00e1 em parceria com J\u00e2nio Natal."},"content":{"rendered":"<p>Os primeiros minutos de 2017 foram marcados por muita emo\u00e7\u00e3o. Estamos falando da posse dos vereadores e prefeito de Belmonte que aconteceu nos primeiros minutos de 2017.<\/p>\n<p><a href=\"http:\/\/www.maisbn.com\/portal\/wp-content\/uploads\/2017\/01\/posse_00027.jpg\"><img loading=\"lazy\" decoding=\"async\" class=\"aligncenter size-full wp-image-13473\" src=\"http:\/\/www.maisbn.com\/portal\/wp-content\/uploads\/2017\/01\/posse_00027.jpg\" alt=\"posse_00027\" width=\"650\" height=\"412\" \/><\/a><\/p>\n<p>O in\u00edcio da cerim\u00f4nia foi marcado pela posse dos 11 vereadores eleitos e diplomados pela Justi\u00e7a Eleitoral. Dudu, Armando, Keke, Idinho, Alfredo, Daco, Calango, Rog\u00e9rio Bahia, Nalva, Jorge Passos e Beto do Sindicato assumiram os seus devidos cargos concedidos pelo voto do povo e deram in\u00edcio \u00e0 elei\u00e7\u00e3o da Mesa Diretora que gerenciar\u00e1 o poder legislativo municipal no bi\u00eanio 2017\/2018. A chapa \u00fanica encabe\u00e7ada por Aelson Matos (Calango) como presidente obteve vota\u00e7\u00e3o un\u00e2nime. Junto com Calango, a vice-presid\u00eancia foi ocupada por Alfredo Abecerb, Clenilson Souza Santos(keke) ficou com o cargo de primeiro secret\u00e1rio e para segundo secret\u00e1rio o vereador Hildemburg Paix\u00e3o(Idinho).<\/p>\n<p><a href=\"http:\/\/www.maisbn.com\/portal\/wp-content\/uploads\/2017\/01\/mosaico_oracoes.jpg\"><img loading=\"lazy\" decoding=\"async\" class=\"aligncenter size-full wp-image-13474\" src=\"http:\/\/www.maisbn.com\/portal\/wp-content\/uploads\/2017\/01\/mosaico_oracoes.jpg\" alt=\"mosaico_oracoes\" width=\"700\" height=\"226\" \/><\/a><\/p>\n<p>Na sequ\u00eancia o Vereador Calango, Presidente da C\u00e2mara, convidou o Pastor Nivaldo para fazer uma ora\u00e7\u00e3o entregando aos cuidados de Deus a nova gest\u00e3o do Poder Legislativo de Belmonte e logo ap\u00f3s os presentes tamb\u00e9m puderam ouvir as reflex\u00f5es do Frei Humberto Daniel Bomfim que aben\u00e7oou a casa jogando \u00e1gua benta acompanhada tamb\u00e9m de ora\u00e7\u00f5es.<\/p>\n<p><a href=\"http:\/\/www.maisbn.com\/portal\/wp-content\/uploads\/2017\/01\/posse_00035.jpg\"><img loading=\"lazy\" decoding=\"async\" class=\"aligncenter size-full wp-image-13475\" src=\"http:\/\/www.maisbn.com\/portal\/wp-content\/uploads\/2017\/01\/posse_00035.jpg\" alt=\"posse_00035\" width=\"650\" height=\"412\" \/><\/a><\/p>\n<p>Logo depois chegou a hora da posse de J\u00e2nio Natal, Prefeito Eleito de Belmonte, onde foi apresentada uma carta de ren\u00fancia ao cargo redigida pelo mesmo. Em seguida, J\u00e2nio Natal compareceu ao momento da cerim\u00f4nia para dizer que estava ali de cabe\u00e7a erguida e que a sua decis\u00e3o busca o melhor para Belmonte, j\u00e1 que, a cidade ter\u00e1 um representante na Assembleia Legislativa para lutar por seus anseios. <em>&#8220;Eu acredito que Janival desempenhar\u00e1 com maestria o gerenciamento da cidade enquanto eu estarei em Salvador buscando recursos para a comunidade belmontense.&#8221;\u00a0<\/em>J\u00e2nio ainda comentou que a sua decis\u00e3o n\u00e3o fere a confian\u00e7a dos seus eleitores, j\u00e1 que, Janival j\u00e1 havia sido referendado pelas urnas na \u00e9poca em que disputou as elei\u00e7\u00f5es como candidato a prefeito e conseguiu praticamente o mesmo n\u00famero de votos que o levou \u00e0 vit\u00f3ria nas elei\u00e7\u00f5es 2016. O Deputado finalizou dizendo que era grato ao povo belmontense que o conduziu pela terceira vez ao comando da cidade e assegurou que honrar\u00e1 essa confian\u00e7a trabalhando com Janival para trazer melhorias e desenvolvimento para a comunidade belmontense.<\/p>\n<p><a href=\"http:\/\/www.maisbn.com\/portal\/wp-content\/uploads\/2017\/01\/posse_00048.jpg\"><img loading=\"lazy\" decoding=\"async\" class=\"aligncenter size-full wp-image-13476\" src=\"http:\/\/www.maisbn.com\/portal\/wp-content\/uploads\/2017\/01\/posse_00048.jpg\" alt=\"posse_00048\" width=\"650\" height=\"412\" \/><\/a><\/p>\n<p>Na sequ\u00eancia, o Presidente Aelson Matos deu continuidade anunciando que Janival Andrade era o novo Prefeito de Belmonte. Janival foi recebido com abra\u00e7os pelos integrantes da mesa do cerimonial e revelou gratid\u00e3o a todos que lutaram no processo de campanha e confiaram em seu projeto de governo. <em>\u201cAgrade\u00e7o ao deputado J\u00e2nio Natal, meu grande irm\u00e3o e amigo, arquiteto da minha elei\u00e7\u00e3o, minha profunda gratid\u00e3o pela confian\u00e7a em mim depositada.&#8221; <\/em>Em seu discurso Janival revelou que seu governo ter\u00e1 como base a busca permanente por consenso e parcerias. O mesmo comentou que enfatizar\u00e1 a harmonia com os governos estadual e federal na busca de recursos para Belmonte. Janival tamb\u00e9m abordou os tempos dif\u00edceis que o pa\u00eds e o munic\u00edpio est\u00e3o passando e pediu apoio \u00e0 sociedade e aos servidores municipais.<em> &#8220;N\u00f3s estamos passando por tempos de dificuldades financeiras, mas eu pe\u00e7o o engajamento e o compromisso dos servidores municipais para que apresentem um \u00f3timo servi\u00e7o para o povo belmontense. Tamb\u00e9m estou \u00e0 disposi\u00e7\u00e3o da popula\u00e7\u00e3o para que trabalhemos juntos no intuito de alcan\u00e7armos o grau de excel\u00eancia na administra\u00e7\u00e3o municipal.&#8221; &#8211; <\/em>Finalizou Janival Andrade j\u00e1 empossado como novo Prefeito de Belmonte.<\/p>\n<p><a href=\"http:\/\/www.maisbn.com\/portal\/wp-content\/uploads\/2017\/01\/posse_00055.jpg\"><img loading=\"lazy\" decoding=\"async\" class=\"aligncenter size-full wp-image-13477\" src=\"http:\/\/www.maisbn.com\/portal\/wp-content\/uploads\/2017\/01\/posse_00055.jpg\" alt=\"posse_00055\" width=\"650\" height=\"412\" \/><\/a><\/p>\n<p>Ap\u00f3s ser finalizada a cerim\u00f4nia, o Prefeito Janival Andrade proporcionou em sua resid\u00eancia um coquetel onde recebeu lideran\u00e7as pol\u00edticas e pessoas da comunidade.<\/p>\n<p>&nbsp;<\/p>\n<p>&nbsp;<\/p>\n<p>&nbsp;<\/p>\n","protected":false},"excerpt":{"rendered":"<p>Os primeiros minutos de 2017 foram marcados por muita emo\u00e7\u00e3o. Estamos falando da posse dos vereadores e prefeito de Belmonte que aconteceu nos primeiros minutos de 2017. O in\u00edcio da cerim\u00f4nia foi marcado pela posse dos 11 vereadores eleitos e diplomados pela Justi\u00e7a Eleitoral. Dudu, Armando, Keke, Idinho, Alfredo, Daco, Calango, Rog\u00e9rio Bahia, Nalva, Jorge [&hellip;]<\/p>\n","protected":false},"author":7,"featured_media":13476,"comment_status":"open","ping_status":"open","sticky":false,"template":"","format":"standard","meta":{"footnotes":""},"categories":[1,7],"tags":[108],"class_list":["post-13471","post","type-post","status-publish","format-standard","has-post-thumbnail","hentry","category-noticias","category-politica","tag-belmonte"],"_links":{"self":[{"href":"https:\/\/www.maisbn.com\/portal\/wp-json\/wp\/v2\/posts\/13471","targetHints":{"allow":["GET"]}}],"collection":[{"href":"https:\/\/www.maisbn.com\/portal\/wp-json\/wp\/v2\/posts"}],"about":[{"href":"https:\/\/www.maisbn.com\/portal\/wp-json\/wp\/v2\/types\/post"}],"author":[{"embeddable":true,"href":"https:\/\/www.maisbn.com\/portal\/wp-json\/wp\/v2\/users\/7"}],"replies":[{"embeddable":true,"href":"https:\/\/www.maisbn.com\/portal\/wp-json\/wp\/v2\/comments?post=13471"}],"version-history":[{"count":2,"href":"https:\/\/www.maisbn.com\/portal\/wp-json\/wp\/v2\/posts\/13471\/revisions"}],"predecessor-version":[{"id":13478,"href":"https:\/\/www.maisbn.com\/portal\/wp-json\/wp\/v2\/posts\/13471\/revisions\/13478"}],"wp:featuredmedia":[{"embeddable":true,"href":"https:\/\/www.maisbn.com\/portal\/wp-json\/wp\/v2\/media\/13476"}],"wp:attachment":[{"href":"https:\/\/www.maisbn.com\/portal\/wp-json\/wp\/v2\/media?parent=13471"}],"wp:term":[{"taxonomy":"category","embeddable":true,"href":"https:\/\/www.maisbn.com\/portal\/wp-json\/wp\/v2\/categories?post=13471"},{"taxonomy":"post_tag","embeddable":true,"href":"https:\/\/www.maisbn.com\/portal\/wp-json\/wp\/v2\/tags?post=13471"}],"curies":[{"name":"wp","href":"https:\/\/api.w.org\/{rel}","templated":true}]}}