{"id":13453,"date":"2016-12-30T00:57:53","date_gmt":"2016-12-30T03:57:53","guid":{"rendered":"http:\/\/www.maisbn.com\/portal\/?p=13453"},"modified":"2016-12-30T00:57:53","modified_gmt":"2016-12-30T03:57:53","slug":"prefeitos-so-poderao-movimentar-os-recursos-da-repatriacao-a-partir-de-janeiro","status":"publish","type":"post","link":"https:\/\/www.maisbn.com\/portal\/2016\/12\/prefeitos-so-poderao-movimentar-os-recursos-da-repatriacao-a-partir-de-janeiro\/","title":{"rendered":"Prefeitos s\u00f3 poder\u00e3o movimentar os recursos da repatria\u00e7\u00e3o a partir de janeiro."},"content":{"rendered":"<div class=\"mc-column content-text active-extra-styles active-capital-letter\" data-block-type=\"unstyled\">\n<p class=\"content-text__container \" data-track-category=\"Link no Texto\" data-track-links=\"\"><a href=\"http:\/\/www.maisbn.com\/portal\/wp-content\/uploads\/2014\/11\/pagamentos.jpg\"><img loading=\"lazy\" decoding=\"async\" class=\"aligncenter size-full wp-image-6352\" src=\"http:\/\/www.maisbn.com\/portal\/wp-content\/uploads\/2014\/11\/pagamentos.jpg\" alt=\"pagamentos\" width=\"640\" height=\"358\" srcset=\"https:\/\/www.maisbn.com\/portal\/wp-content\/uploads\/2014\/11\/pagamentos.jpg 640w, https:\/\/www.maisbn.com\/portal\/wp-content\/uploads\/2014\/11\/pagamentos-625x350.jpg 625w\" sizes=\"auto, (max-width: 640px) 100vw, 640px\" \/><\/a><\/p>\n<p class=\"content-text__container \" data-track-category=\"Link no Texto\" data-track-links=\"\">O ministro do Tribunal de Contas da Uni\u00e3o (TCU) Raimundo Carreiro acatou recurso do governo federal e liberou nesta quinta-feira (29) o repasse aos munic\u00edpios, ainda em 2016, de uma verba extra de cerca de R$ 5 bilh\u00f5es da chamada repatria\u00e7\u00e3o de recursos mantidos ilegalmente no exterior por brasileiros. Diante da decis\u00e3o do ministro do TCU, a assessoria do Minist\u00e9rio Fazenda informou na noite desta quinta que o Tesouro Nacional emitiu a ordem banc\u00e1ria e o dinheiro entrar\u00e1 nesta sexta (30) na conta dos munic\u00edpios.<\/p>\n<p>Carreiro havia proibido na \u00faltima quarta (28) que o governo federal transferisse antecipadamente os recursos aos munic\u00edpios, como havia sido negociado pelo Pal\u00e1cio do Planalto com os prefeitos. A decis\u00e3o do ministro de bloquear o pagamento atendeu a uma representa\u00e7\u00e3o do Minist\u00e9rio P\u00fablico do Maranh\u00e3o. No despacho, o ministro do TCU alegou que, al\u00e9m de desrespeitar a data definida na lei \u2013 que originalmente previa o repasse para o dia 30 de dezembro, n\u00e3o 29 \u2013, a antecipa\u00e7\u00e3o poderia trazer preju\u00edzo aos cofres p\u00fablicos.<\/p>\n<\/div>\n<div class=\"mc-column content-text active-extra-styles\" data-block-type=\"unstyled\">\n<p class=\"content-text__container \" data-track-category=\"Link no Texto\" data-track-links=\"\">O governo federal apresentou recurso \u00e0 decis\u00e3o no fim da tarde desta quinta. Nela, alega que a transfer\u00eancia apenas no dia 2 de janeiro o obrigaria a pagar corre\u00e7\u00e3o monet\u00e1ria de cerca de R$ 100 milh\u00f5es, preju\u00edzo que &#8220;viria a debilitar ainda mais as arcas federais&#8221; em momento &#8220;delicado&#8221;.<\/p>\n<\/div>\n<div class=\"mc-column content-text active-extra-styles\" data-block-type=\"unstyled\">\n<p class=\"content-text__container \" data-track-category=\"Link no Texto\" data-track-links=\"\">No texto do recurso, o governo alega ainda que, como nesta sexta (30) \u00e9 feriado banc\u00e1rio, os recursos, mesmo que transferidos nesta quinta (29), s\u00f3 estariam dispon\u00edveis nas contas das prefeituras no dia 2 de janeiro, quando os bancos voltam a operar ap\u00f3s o recesso de Ano Novo. Dessa maneira, diz o governo, a decis\u00e3o do ministro fica &#8220;preservada&#8221;.<\/p>\n<\/div>\n<div class=\"mc-column mc-side-item__container\">\n<div class=\"mc-side-item mc-side-item--right content-ads content-ads--side-ad\">\n<div id=\"banner_rm2\" class=\"tag-manager-publicidade-container tag-manager-publicidade-banner_rm2 tag-manager-publicidade-container--carregado tag-manager-publicidade-container--visivel\" data-google-query-id=\"CKDmrvGBm9ECFQcOkQod3_AJSA\" data-cid=\"113301683533\" data-lid=\"594318613\">\n<div id=\"google_ads_iframe_\/95377733\/tvg_G1\/Economia_2__container__\"><strong>Press\u00e3o dos prefeitos<\/strong><\/div>\n<\/div>\n<\/div>\n<\/div>\n<div class=\"mc-column content-text active-extra-styles\" data-block-type=\"unstyled\">\n<p class=\"content-text__container \" data-track-category=\"Link no Texto\" data-track-links=\"\">O governo recorreu da decis\u00e3o do TCU ap\u00f3s press\u00e3o dos prefeitos. Na manh\u00e3 desta quinta, representantes da Frente Nacional de Prefeitos (FNP) se reuniram com o presidente Michel Temer no Pal\u00e1cio do Planalto para tratar do assunto.<\/p>\n<\/div>\n<div class=\"mc-column content-text active-extra-styles\" data-block-type=\"unstyled\">\n<p class=\"content-text__container \" data-track-category=\"Link no Texto\" data-track-links=\"\">A press\u00e3o \u00e9 para garantir que os recursos entrem nas contas das prefeituras a tempo de contribu\u00edrem para o fechamento das contas de 2016. Alguns prefeitos dependem desse dinheiro para n\u00e3o descumprirem a Lei de Responsabilidade Fiscal.<\/p>\n<\/div>\n<div class=\"mc-column content-text active-extra-styles\" data-block-type=\"unstyled\">\n<p class=\"content-text__container \" data-track-category=\"Link no Texto\" data-track-links=\"\">No entendimento dos prefeitos, mesmo que os recursos s\u00f3 possam ser movimentados no dia 2 de janeiro, a transfer\u00eancia nesta quinta j\u00e1 atende a essa necessidade porque os recursos entram nas contas ainda em 2016.<\/p>\n<\/div>\n<div class=\"mc-column comments\"><\/div>\n","protected":false},"excerpt":{"rendered":"<p>O ministro do Tribunal de Contas da Uni\u00e3o (TCU) Raimundo Carreiro acatou recurso do governo federal e liberou nesta quinta-feira (29) o repasse aos munic\u00edpios, ainda em 2016, de uma verba extra de cerca de R$ 5 bilh\u00f5es da chamada repatria\u00e7\u00e3o de recursos mantidos ilegalmente no exterior por brasileiros. Diante da decis\u00e3o do ministro do [&hellip;]<\/p>\n","protected":false},"author":7,"featured_media":6352,"comment_status":"open","ping_status":"open","sticky":false,"template":"","format":"standard","meta":{"footnotes":""},"categories":[45,1],"tags":[108],"class_list":["post-13453","post","type-post","status-publish","format-standard","has-post-thumbnail","hentry","category-cidades","category-noticias","tag-belmonte"],"_links":{"self":[{"href":"https:\/\/www.maisbn.com\/portal\/wp-json\/wp\/v2\/posts\/13453","targetHints":{"allow":["GET"]}}],"collection":[{"href":"https:\/\/www.maisbn.com\/portal\/wp-json\/wp\/v2\/posts"}],"about":[{"href":"https:\/\/www.maisbn.com\/portal\/wp-json\/wp\/v2\/types\/post"}],"author":[{"embeddable":true,"href":"https:\/\/www.maisbn.com\/portal\/wp-json\/wp\/v2\/users\/7"}],"replies":[{"embeddable":true,"href":"https:\/\/www.maisbn.com\/portal\/wp-json\/wp\/v2\/comments?post=13453"}],"version-history":[{"count":1,"href":"https:\/\/www.maisbn.com\/portal\/wp-json\/wp\/v2\/posts\/13453\/revisions"}],"predecessor-version":[{"id":13454,"href":"https:\/\/www.maisbn.com\/portal\/wp-json\/wp\/v2\/posts\/13453\/revisions\/13454"}],"wp:featuredmedia":[{"embeddable":true,"href":"https:\/\/www.maisbn.com\/portal\/wp-json\/wp\/v2\/media\/6352"}],"wp:attachment":[{"href":"https:\/\/www.maisbn.com\/portal\/wp-json\/wp\/v2\/media?parent=13453"}],"wp:term":[{"taxonomy":"category","embeddable":true,"href":"https:\/\/www.maisbn.com\/portal\/wp-json\/wp\/v2\/categories?post=13453"},{"taxonomy":"post_tag","embeddable":true,"href":"https:\/\/www.maisbn.com\/portal\/wp-json\/wp\/v2\/tags?post=13453"}],"curies":[{"name":"wp","href":"https:\/\/api.w.org\/{rel}","templated":true}]}}