{"id":13451,"date":"2016-12-30T00:45:12","date_gmt":"2016-12-30T03:45:12","guid":{"rendered":"http:\/\/www.maisbn.com\/portal\/?p=13451"},"modified":"2016-12-30T00:45:12","modified_gmt":"2016-12-30T03:45:12","slug":"assembleia-legislativa-confirma-que-janio-natal-continuara-como-deputado","status":"publish","type":"post","link":"https:\/\/www.maisbn.com\/portal\/2016\/12\/assembleia-legislativa-confirma-que-janio-natal-continuara-como-deputado\/","title":{"rendered":"Assembleia Legislativa confirma que J\u00e2nio Natal continuar\u00e1 como deputado."},"content":{"rendered":"<p><a href=\"http:\/\/www.maisbn.com\/portal\/wp-content\/uploads\/2016\/02\/dep_janio_natal.jpg\"><img loading=\"lazy\" decoding=\"async\" class=\"aligncenter size-full wp-image-10178\" src=\"http:\/\/www.maisbn.com\/portal\/wp-content\/uploads\/2016\/02\/dep_janio_natal.jpg\" alt=\"dep_janio_natal\" width=\"530\" height=\"352\" \/><\/a><\/p>\n<p>A assessoria da Assembleia Legislativa da Bahia (AL-BA) confirmou a informa\u00e7\u00e3o nessa quinta-feira (29\/12) de que o Deputado Estadual J\u00e2nio Natal (PTN) permanecer\u00e1 no legislativo baiano depois de publicar a agenda da posse dos suplentes marcada para a pr\u00f3xima segunda-feira (02\/01) \u00e0s 14:00Hrs. Bira Coroa (PT), Samuel J\u00fanior (PSC), Mirela Macedo (PSD) e \u00c2ngelo Almeida (PSB) tomam posse nas vagas deixas por Rob\u00e9rio Andrade (PSD), escolhido para ser prefeito de Eun\u00e1polis, Rog\u00e9rio Andrade (PSD), eleito em Santo Antonio de Jesus, Vando (PSC), que comandar\u00e1 a prefeitura de Monte Santo, e Bruno Reis (PMDB), que assumir\u00e1 como vice-prefeito de Salvador.<\/p>\n<p>A perman\u00eancia de J\u00e2nio na AL-BA era especulada desde a campanha eleitoral at\u00e9 momentos antes do registro da candidatura. Depois que o Deputado ganhou as elei\u00e7\u00f5es em Belmonte os rumores aumentaram ainda mais. J\u00e2nio e Janival at\u00e9 o momento n\u00e3o confirmam e nem negam a informa\u00e7\u00e3o. As \u00faltimas palavras do Deputado aos \u00f3rg\u00e3os de imprensa \u00e9 que todos saber\u00e3o o que vai acontecer no dia 01\/01 \u00e0s 00:01, hor\u00e1rio que est\u00e1 marcada a cerim\u00f4nia de posse do novo prefeito da cidade.<\/p>\n<p>Quem n\u00e3o gostou muito da hist\u00f3ria foi o comunicador e suplente de deputado Uziel Bueno que teve os seus planos de conseguir uma cadeira na AL-BA frustrados. Uziel, na tentativa de intimidar o Deputado J\u00e2nio Natal, espalhou faixas na porta da AL-BA e nas ruas de Belmonte com textos agressivos contra ao mesmo. Outro tamb\u00e9m que revelou n\u00e3o estar gostando da ideia foi o ex-prefeito e candidato derrotado I\u00eado Elias. Ele fez diversas acusa\u00e7\u00f5es ao Deputado Estadual J\u00e2nio Natal e comentou que espera o desenrolar dos fatos para poder entrar na justi\u00e7a.<\/p>\n<p>&nbsp;<\/p>\n","protected":false},"excerpt":{"rendered":"<p>A assessoria da Assembleia Legislativa da Bahia (AL-BA) confirmou a informa\u00e7\u00e3o nessa quinta-feira (29\/12) de que o Deputado Estadual J\u00e2nio Natal (PTN) permanecer\u00e1 no legislativo baiano depois de publicar a agenda da posse dos suplentes marcada para a pr\u00f3xima segunda-feira (02\/01) \u00e0s 14:00Hrs. Bira Coroa (PT), Samuel J\u00fanior (PSC), Mirela Macedo (PSD) e \u00c2ngelo Almeida [&hellip;]<\/p>\n","protected":false},"author":7,"featured_media":10178,"comment_status":"open","ping_status":"open","sticky":false,"template":"","format":"standard","meta":{"footnotes":""},"categories":[1,7],"tags":[108],"class_list":["post-13451","post","type-post","status-publish","format-standard","has-post-thumbnail","hentry","category-noticias","category-politica","tag-belmonte"],"_links":{"self":[{"href":"https:\/\/www.maisbn.com\/portal\/wp-json\/wp\/v2\/posts\/13451","targetHints":{"allow":["GET"]}}],"collection":[{"href":"https:\/\/www.maisbn.com\/portal\/wp-json\/wp\/v2\/posts"}],"about":[{"href":"https:\/\/www.maisbn.com\/portal\/wp-json\/wp\/v2\/types\/post"}],"author":[{"embeddable":true,"href":"https:\/\/www.maisbn.com\/portal\/wp-json\/wp\/v2\/users\/7"}],"replies":[{"embeddable":true,"href":"https:\/\/www.maisbn.com\/portal\/wp-json\/wp\/v2\/comments?post=13451"}],"version-history":[{"count":1,"href":"https:\/\/www.maisbn.com\/portal\/wp-json\/wp\/v2\/posts\/13451\/revisions"}],"predecessor-version":[{"id":13452,"href":"https:\/\/www.maisbn.com\/portal\/wp-json\/wp\/v2\/posts\/13451\/revisions\/13452"}],"wp:featuredmedia":[{"embeddable":true,"href":"https:\/\/www.maisbn.com\/portal\/wp-json\/wp\/v2\/media\/10178"}],"wp:attachment":[{"href":"https:\/\/www.maisbn.com\/portal\/wp-json\/wp\/v2\/media?parent=13451"}],"wp:term":[{"taxonomy":"category","embeddable":true,"href":"https:\/\/www.maisbn.com\/portal\/wp-json\/wp\/v2\/categories?post=13451"},{"taxonomy":"post_tag","embeddable":true,"href":"https:\/\/www.maisbn.com\/portal\/wp-json\/wp\/v2\/tags?post=13451"}],"curies":[{"name":"wp","href":"https:\/\/api.w.org\/{rel}","templated":true}]}}