{"id":13446,"date":"2016-12-30T00:06:21","date_gmt":"2016-12-30T03:06:21","guid":{"rendered":"http:\/\/www.maisbn.com\/portal\/?p=13446"},"modified":"2016-12-30T00:06:21","modified_gmt":"2016-12-30T03:06:21","slug":"janio-natal-e-janival-pedem-ao-governador-rui-costa-a-estrada-belmonte-a-canavieiras","status":"publish","type":"post","link":"https:\/\/www.maisbn.com\/portal\/2016\/12\/janio-natal-e-janival-pedem-ao-governador-rui-costa-a-estrada-belmonte-a-canavieiras\/","title":{"rendered":"J\u00c2NIO NATAL E JANIVAL PEDEM AO GOVERNADOR RUI COSTA A ESTRADA BELMONTE A CANAVIEIRAS."},"content":{"rendered":"<p><a href=\"http:\/\/www.maisbn.com\/portal\/wp-content\/uploads\/2016\/12\/janio_janival_governador00001.jpg\"><img loading=\"lazy\" decoding=\"async\" class=\"aligncenter size-full wp-image-13447\" src=\"http:\/\/www.maisbn.com\/portal\/wp-content\/uploads\/2016\/12\/janio_janival_governador00001.jpg\" alt=\"janio_janival_governador00001\" width=\"650\" height=\"412\" \/><\/a><\/p>\n<p>J\u00e2nio Natal e Janival foram recebidos pelo Governador Rui Costa, na Governadoria do estado, e fizeram diversas reivindica\u00e7\u00f5es para o munic\u00edpio de Belmonte, principalmente nas \u00e1reas da Sa\u00fade, Seguran\u00e7a e Educa\u00e7\u00e3o.<\/p>\n<p><a href=\"http:\/\/www.maisbn.com\/portal\/wp-content\/uploads\/2016\/12\/janio_janival_governador00002.jpg\"><img loading=\"lazy\" decoding=\"async\" class=\"aligncenter size-full wp-image-13448\" src=\"http:\/\/www.maisbn.com\/portal\/wp-content\/uploads\/2016\/12\/janio_janival_governador00002.jpg\" alt=\"janio_janival_governador00002\" width=\"650\" height=\"412\" \/><\/a><\/p>\n<p>&nbsp;<\/p>\n<p>Na pauta da reuni\u00e3o, foi inclu\u00edda, tamb\u00e9m, a constru\u00e7\u00e3o da estrada Belmonte\/Canavieiras, um dos maiores sonhos de J\u00e2nio Natal e de toda a regi\u00e3o. O Governador garantiu que o projeto da estrada estar\u00e1 pronto at\u00e9 julho de 2017 e que, uma vez conclu\u00eddo o projeto, ele se compromete a buscar recursos para esta t\u00e3o importante obra, com valor previsto de R$120.000.000,00 (cento e vinte milh\u00f5es de reais).<\/p>\n<p><a href=\"http:\/\/www.maisbn.com\/portal\/wp-content\/uploads\/2016\/12\/janio_janival_governador00003.jpg\"><img loading=\"lazy\" decoding=\"async\" class=\"aligncenter size-full wp-image-13449\" src=\"http:\/\/www.maisbn.com\/portal\/wp-content\/uploads\/2016\/12\/janio_janival_governador00003.jpg\" alt=\"janio_janival_governador00003\" width=\"650\" height=\"412\" \/><\/a><\/p>\n<p>J\u00e2nio e Janival convidaram Rui Costa para uma visita a Belmonte; o convite foi aceito e o Governador prometeu que esta visita ocorrer\u00e1 em breve e ele levar\u00e1 um bom presente para Belmonte. Os vereadores Aelson Matos (Kalango) e Orlando Valter (Turista), estiverem presentes nesta importante reuni\u00e3o, que pode marcar o in\u00edcio de uma nova p\u00e1gina na hist\u00f3ria do munic\u00edpio.<\/p>\n","protected":false},"excerpt":{"rendered":"<p>J\u00e2nio Natal e Janival foram recebidos pelo Governador Rui Costa, na Governadoria do estado, e fizeram diversas reivindica\u00e7\u00f5es para o munic\u00edpio de Belmonte, principalmente nas \u00e1reas da Sa\u00fade, Seguran\u00e7a e Educa\u00e7\u00e3o. &nbsp; Na pauta da reuni\u00e3o, foi inclu\u00edda, tamb\u00e9m, a constru\u00e7\u00e3o da estrada Belmonte\/Canavieiras, um dos maiores sonhos de J\u00e2nio Natal e de toda a [&hellip;]<\/p>\n","protected":false},"author":7,"featured_media":13447,"comment_status":"open","ping_status":"open","sticky":false,"template":"","format":"standard","meta":{"footnotes":""},"categories":[1,7],"tags":[44],"class_list":["post-13446","post","type-post","status-publish","format-standard","has-post-thumbnail","hentry","category-noticias","category-politica","tag-belmonte-ba"],"_links":{"self":[{"href":"https:\/\/www.maisbn.com\/portal\/wp-json\/wp\/v2\/posts\/13446","targetHints":{"allow":["GET"]}}],"collection":[{"href":"https:\/\/www.maisbn.com\/portal\/wp-json\/wp\/v2\/posts"}],"about":[{"href":"https:\/\/www.maisbn.com\/portal\/wp-json\/wp\/v2\/types\/post"}],"author":[{"embeddable":true,"href":"https:\/\/www.maisbn.com\/portal\/wp-json\/wp\/v2\/users\/7"}],"replies":[{"embeddable":true,"href":"https:\/\/www.maisbn.com\/portal\/wp-json\/wp\/v2\/comments?post=13446"}],"version-history":[{"count":1,"href":"https:\/\/www.maisbn.com\/portal\/wp-json\/wp\/v2\/posts\/13446\/revisions"}],"predecessor-version":[{"id":13450,"href":"https:\/\/www.maisbn.com\/portal\/wp-json\/wp\/v2\/posts\/13446\/revisions\/13450"}],"wp:featuredmedia":[{"embeddable":true,"href":"https:\/\/www.maisbn.com\/portal\/wp-json\/wp\/v2\/media\/13447"}],"wp:attachment":[{"href":"https:\/\/www.maisbn.com\/portal\/wp-json\/wp\/v2\/media?parent=13446"}],"wp:term":[{"taxonomy":"category","embeddable":true,"href":"https:\/\/www.maisbn.com\/portal\/wp-json\/wp\/v2\/categories?post=13446"},{"taxonomy":"post_tag","embeddable":true,"href":"https:\/\/www.maisbn.com\/portal\/wp-json\/wp\/v2\/tags?post=13446"}],"curies":[{"name":"wp","href":"https:\/\/api.w.org\/{rel}","templated":true}]}}