{"id":13438,"date":"2016-12-31T20:12:03","date_gmt":"2016-12-31T23:12:03","guid":{"rendered":"http:\/\/www.maisbn.com\/portal\/?p=13438"},"modified":"2016-12-31T20:12:03","modified_gmt":"2016-12-31T23:12:03","slug":"jovem-belmontense-e-aprovada-em-um-dos-concursos-mais-cobicados-do-brasil","status":"publish","type":"post","link":"https:\/\/www.maisbn.com\/portal\/2016\/12\/jovem-belmontense-e-aprovada-em-um-dos-concursos-mais-cobicados-do-brasil\/","title":{"rendered":"Jovem Belmontense \u00e9 aprovada em um dos concursos mais cobi\u00e7ados do Brasil."},"content":{"rendered":"<p><a href=\"http:\/\/www.maisbn.com\/portal\/wp-content\/uploads\/2016\/12\/20161227_195853.jpg\"><img loading=\"lazy\" decoding=\"async\" class=\"aligncenter  wp-image-13467\" src=\"http:\/\/www.maisbn.com\/portal\/wp-content\/uploads\/2016\/12\/20161227_195853.jpg\" alt=\"20161227_195853\" width=\"534\" height=\"712\" srcset=\"https:\/\/www.maisbn.com\/portal\/wp-content\/uploads\/2016\/12\/20161227_195853.jpg 700w, https:\/\/www.maisbn.com\/portal\/wp-content\/uploads\/2016\/12\/20161227_195853-675x900.jpg 675w\" sizes=\"auto, (max-width: 534px) 100vw, 534px\" \/><\/a><\/p>\n<p>Ela saiu de Belmonte em 2005, foi terminar o segundo grau na cidade de Itabuna onde prestou vestibular para Direito, prestou concurso e agora assumir\u00e1 um dos cargos mais cobi\u00e7ados e disputados do pa\u00eds. Estamos falando da jovem belmontense Jamille Maria Pimentel Rodrigues Giffoni Alves que agora ser\u00e1 Oficial do Tribunal Regional Federal do Estado de S\u00e3o Paulo. Jamille, que \u00e9 filha do Sr. Ruy Edeuvalle Alves e da Dona Vera L\u00facia Pimentel Rodrigues Alves, \u00e9 casada e recebeu a nossa equipe na resid\u00eancia de seus pais. Jamille, al\u00e9m dos pais que est\u00e3o muito orgulhosos, conversou com a nossa equipe na presen\u00e7a dos amigos Ruy S\u00e9rgio e Bebeto Gama. A jovem nos contou como foi a sua trajet\u00f3ria que serve como um exemplo para todos os belmontenses. Segue abaixo a conversa:<\/p>\n<p><strong>+BN &#8211; Como se iniciou essa trajet\u00f3ria de sucesso?<\/strong><\/p>\n<p><strong>Jamille &#8211;<\/strong> Tudo come\u00e7ou em 2005 quando eu sai da casa de meus pais e fui morar em Itabuna onde finalizei o terceiro ano do ensino m\u00e9dio e prestei vestibular para Direito. Quando me formei em direito, eu percebi que a \u00e1rea da advocacia n\u00e3o era o que eu queria realmente, ent\u00e3o resolvi me dedicar aos concursos p\u00fablicos nas \u00e1reas que eu tinha interesse e o de Oficial de Justi\u00e7a se enquadrava com o que eu queria.<\/p>\n<p><strong>+BN &#8211; Voc\u00ea se dedicou \u00e0 vida de leg\u00edtima concurseira. Foi muito dif\u00edcil o per\u00edodo de estudos?<\/strong><\/p>\n<p><strong>Jamille &#8211;<\/strong> Eu me dediquei muito para conseguir os meus objetivos. Meus pais, gra\u00e7as a Deus, me ajudaram. Gra\u00e7as a eles eu pude me dedicar de forma integral, j\u00e1 que, eu n\u00e3o estava trabalhando e eles proporcionaram o suporte necess\u00e1rio. Eu fiz inicialmente um curso preparat\u00f3rio e quando estava em casa os estudos continuavam. Passei dois anos me dedicando totalmente a esse projeto de vida.<\/p>\n<p><strong>+BN &#8211; Voc\u00ea precisou largar a sua vida social e se isolar para estudar?<\/strong><\/p>\n<p><strong>Jamille &#8211;<\/strong> Eu n\u00e3o fui por esse lado. Eu n\u00e3o deixei minha vida social por inteiro, apenas limitei um pouco para n\u00e3o atrapalhar o foco nos estudos. Eu gosto muito de praia, mas tive que diminuir a frequ\u00eancia de ir \u00e0s praias de Ilh\u00e9us. Tamb\u00e9m deixei de ir em algumas festas da fam\u00edlia e da igreja tamb\u00e9m, mas nada muito exagerado porque eu acredito que \u00e9 prejudicial voc\u00ea abdicar da sua vida social completamente.<\/p>\n<p><strong>+BN &#8211; Quando voc\u00ea come\u00e7ou a ver os frutos desse esfor\u00e7o todo?<\/strong><\/p>\n<p><strong>Jamille &#8211;<\/strong> Eu passei em tr\u00eas concursos. Em tr\u00eas estados diferentes. Em 2011, 2012 e 2013 eu passei para Oficial da Justi\u00e7a Federal nos estados das Alagoas, Bahia e S\u00e3o Paulo. Em 2011 eu passei na 4\u00aa coloca\u00e7\u00e3o e n\u00e3o fui chamada. Em 2012 eu passei na 12\u00aa coloca\u00e7\u00e3o e tamb\u00e9m n\u00e3o fui chamada. Em 2013 passei em uma coloca\u00e7\u00e3o melhor, mas fui v\u00edtima da crise econ\u00f4mica que estava passando o pa\u00eds. Era para eu ser chamada em abril de 2015 e tive que esperar at\u00e9 dezembro de 2016 para ser conduzida ao cargo porque a Justi\u00e7a limitou as nomea\u00e7\u00f5es por causa das dificuldades financeiras.<\/p>\n<div id=\"attachment_13468\" style=\"width: 660px\" class=\"wp-caption aligncenter\"><a href=\"http:\/\/www.maisbn.com\/portal\/wp-content\/uploads\/2016\/12\/jamille_oficial00001.jpg\"><img loading=\"lazy\" decoding=\"async\" aria-describedby=\"caption-attachment-13468\" class=\"size-full wp-image-13468\" src=\"http:\/\/www.maisbn.com\/portal\/wp-content\/uploads\/2016\/12\/jamille_oficial00001.jpg\" alt=\"Jamille no destaque com os pais orgulhosos pela grande conquista da filha.\" width=\"650\" height=\"412\" \/><\/a><p id=\"caption-attachment-13468\" class=\"wp-caption-text\">Jamille no destaque com os pais orgulhosos pela grande conquista da filha.<\/p><\/div>\n<p><strong>+BN &#8211; Voc\u00ea contou que tamb\u00e9m fez concursos em outras \u00e1rea. Como foi?<\/strong><\/p>\n<p><strong>Jamille &#8211;<\/strong> Eu fiz concurso para tabeli\u00e3o na Justi\u00e7a da Bahia, passei na fase objetiva com 100 quest\u00f5es, consegui passar na prova discursiva, consegui um bom rendimento na terceira fase que era uma avalia\u00e7\u00e3o de situa\u00e7\u00f5es dentro da \u00e1rea de tabelionato, tamb\u00e9m passei na prova oral onde fui avaliada por uma banca com quatro ju\u00edzes. N\u00e3o me dei muito bem na \u00faltima fase onde eu teria que apresentar os meus t\u00edtulos, mas como eu era muito nova ainda n\u00e3o tinha conseguido tantas gradua\u00e7\u00f5es no decorrer da minha vida. Nessa fase os meus concorrentes se sa\u00edram melhor. Tamb\u00e9m passei em um concurso da Caixa Econ\u00f4mica Federal, tomei posse do cargo na cidade de Vit\u00f3ria da Conquista, mas n\u00e3o consegui me adaptar ao servi\u00e7o porque n\u00e3o era aquilo que eu queria. Eu ent\u00e3o conversei com minha fam\u00edlia e pedi demiss\u00e3o em 2012.<\/p>\n<p><strong>+BN &#8211; Foi uma decis\u00e3o muito dif\u00edcil. O pessoal n\u00e3o te criticou?<\/strong><\/p>\n<p><strong>Jamille &#8211;<\/strong> O pessoal na verdade achou uma loucura. Alguns colegas de trabalho disseram que admiravam a minha coragem, mas eu estava certa do que eu queria e estava disposta a tornar esse sonho realidade. Minha fam\u00edlia me ajudou muito e apoiou a minha decis\u00e3o.<\/p>\n<p><strong>+BN &#8211; Nesse tempo todo voc\u00ea chegou a atuar como advogada?<\/strong><\/p>\n<p><strong>Jamille &#8211;<\/strong> Eu atuei como advogada na \u00e1rea civel e peguei alguns processos at\u00e9 agora em 2016 quando finalmente tomei posse no dia 19\/12.<\/p>\n<p><strong>+BN &#8211; Qual a sua vis\u00e3o do cargo de Oficial da Justi\u00e7a Federal?<\/strong><\/p>\n<p><strong>Jamille &#8211;<\/strong> Eu quero desempenhar da melhor forma poss\u00edvel a minha fun\u00e7\u00e3o perante a comunidade. Eu tenho em minha cabe\u00e7a que eu sou uma servidora e estou al\u00ed para servir a sociedade. Eu estou ali para auxiliar a justi\u00e7a e contribuir para que a mesma se torne cada vez melhor e responda aos anseios dos cidad\u00e3os.<\/p>\n<p><strong>+BN &#8211; E agora, quais os seus objetivos para o futuro?<\/strong><\/p>\n<p><strong>Jamille &#8211;<\/strong> Por enquanto eu quero curtir um pouco a minha vit\u00f3ria e ainda n\u00e3o pensei no que vir\u00e1 depois. Estou em um emprego com estabilidade, um sal\u00e1rio bom, com uma carga hor\u00e1ria flex\u00edvel e agora quero dar uma pausa e curtir com minha fam\u00edlia e com meu esposo.<\/p>\n","protected":false},"excerpt":{"rendered":"<p>Ela saiu de Belmonte em 2005, foi terminar o segundo grau na cidade de Itabuna onde prestou vestibular para Direito, prestou concurso e agora assumir\u00e1 um dos cargos mais cobi\u00e7ados e disputados do pa\u00eds. Estamos falando da jovem belmontense Jamille Maria Pimentel Rodrigues Giffoni Alves que agora ser\u00e1 Oficial do Tribunal Regional Federal do Estado [&hellip;]<\/p>\n","protected":false},"author":7,"featured_media":13469,"comment_status":"open","ping_status":"open","sticky":false,"template":"","format":"standard","meta":{"footnotes":""},"categories":[45,1],"tags":[108],"class_list":["post-13438","post","type-post","status-publish","format-standard","has-post-thumbnail","hentry","category-cidades","category-noticias","tag-belmonte"],"_links":{"self":[{"href":"https:\/\/www.maisbn.com\/portal\/wp-json\/wp\/v2\/posts\/13438","targetHints":{"allow":["GET"]}}],"collection":[{"href":"https:\/\/www.maisbn.com\/portal\/wp-json\/wp\/v2\/posts"}],"about":[{"href":"https:\/\/www.maisbn.com\/portal\/wp-json\/wp\/v2\/types\/post"}],"author":[{"embeddable":true,"href":"https:\/\/www.maisbn.com\/portal\/wp-json\/wp\/v2\/users\/7"}],"replies":[{"embeddable":true,"href":"https:\/\/www.maisbn.com\/portal\/wp-json\/wp\/v2\/comments?post=13438"}],"version-history":[{"count":4,"href":"https:\/\/www.maisbn.com\/portal\/wp-json\/wp\/v2\/posts\/13438\/revisions"}],"predecessor-version":[{"id":13470,"href":"https:\/\/www.maisbn.com\/portal\/wp-json\/wp\/v2\/posts\/13438\/revisions\/13470"}],"wp:featuredmedia":[{"embeddable":true,"href":"https:\/\/www.maisbn.com\/portal\/wp-json\/wp\/v2\/media\/13469"}],"wp:attachment":[{"href":"https:\/\/www.maisbn.com\/portal\/wp-json\/wp\/v2\/media?parent=13438"}],"wp:term":[{"taxonomy":"category","embeddable":true,"href":"https:\/\/www.maisbn.com\/portal\/wp-json\/wp\/v2\/categories?post=13438"},{"taxonomy":"post_tag","embeddable":true,"href":"https:\/\/www.maisbn.com\/portal\/wp-json\/wp\/v2\/tags?post=13438"}],"curies":[{"name":"wp","href":"https:\/\/api.w.org\/{rel}","templated":true}]}}