{"id":13422,"date":"2016-12-28T20:42:11","date_gmt":"2016-12-28T23:42:11","guid":{"rendered":"http:\/\/www.maisbn.com\/portal\/?p=13422"},"modified":"2016-12-29T01:38:36","modified_gmt":"2016-12-29T04:38:36","slug":"veracel-representantes-belmontenses-e-agerba-discutem-recuperacao-da-ba-001","status":"publish","type":"post","link":"https:\/\/www.maisbn.com\/portal\/2016\/12\/veracel-representantes-belmontenses-e-agerba-discutem-recuperacao-da-ba-001\/","title":{"rendered":"Veracel, representantes belmontenses e AGERBA discutem recupera\u00e7\u00e3o da BA-001."},"content":{"rendered":"<p><a href=\"http:\/\/www.maisbn.com\/portal\/wp-content\/uploads\/2016\/12\/reuniaoestradaveracel00003.jpg\"><img loading=\"lazy\" decoding=\"async\" class=\"aligncenter size-full wp-image-13425\" src=\"http:\/\/www.maisbn.com\/portal\/wp-content\/uploads\/2016\/12\/reuniaoestradaveracel00003.jpg\" alt=\"reuniaoestradaveracel00003\" width=\"650\" height=\"412\" \/><\/a><\/p>\n<p><span style=\"color: #000000;\">Na tarde dessa ter\u00e7a-feira (27\/12) ocorreu uma reuni\u00e3o no Hotel Porton\u00e1polis em Eun\u00e1polis. A reuni\u00e3o foi convocada pelo Sr. Pedro Cardoso, Diretor da Veracel e contou com a presen\u00e7a de representantes belmontenses e do engenheiro M\u00e1rcio Costa, representante do DERBA. O assunto tratado foi a recupera\u00e7\u00e3o definitiva da BA-001 que, nesse momento, passa por mais uma opera\u00e7\u00e3o tapa-buracos no intuito de aliviar as condi\u00e7\u00f5es da rodovia para as festas de final do ano.<br \/>\n<\/span><\/p>\n<p><a href=\"http:\/\/www.maisbn.com\/portal\/wp-content\/uploads\/2016\/12\/reuniaoestradaveracel00001.jpg\"><img loading=\"lazy\" decoding=\"async\" class=\"aligncenter size-full wp-image-13426\" src=\"http:\/\/www.maisbn.com\/portal\/wp-content\/uploads\/2016\/12\/reuniaoestradaveracel00001.jpg\" alt=\"reuniaoestradaveracel00001\" width=\"650\" height=\"412\" \/><\/a><\/p>\n<p><span style=\"color: #000000;\">Durante a reuni\u00e3o o engenheiro M\u00e1rcio Costa comentou que esteve em Belmonte, analisou as condi\u00e7\u00f5es do asfalto e vai comunicar ao setor respons\u00e1vel que a rodovia precisa de uma imediata interven\u00e7\u00e3o para sanar os problemas das crateras. Durante a reuni\u00e3o as pessoas presentes tiveram a ideia de fazer uma correspond\u00eancia constando a situa\u00e7\u00e3o da BA-001 e exigindo o imediato recapeamento do asfalto. Esse documento ser\u00e1 endere\u00e7ado ao DERBA e constar\u00e1 com as assinaturas dos Prefeitos de Belmonte e Santa Cruz Cabr\u00e1lia, Vereadores das duas cidades, da Veracel e de empres\u00e1rios que usam a rodovia para escoar os seus produtos. &#8220;N\u00f3s temos que pressionar o Governo do Estado porque j\u00e1 estamos cansados de esperar por promessas e a situa\u00e7\u00e3o n\u00e3o se resolver.&#8221; &#8211; Comentou Dilson Santos, um dos presentes na reuni\u00e3o.<br \/>\n<\/span><\/p>\n<p><a href=\"http:\/\/www.maisbn.com\/portal\/wp-content\/uploads\/2016\/12\/reuniaoestradaveracel00004.jpg\"><img loading=\"lazy\" decoding=\"async\" class=\"aligncenter size-full wp-image-13427\" src=\"http:\/\/www.maisbn.com\/portal\/wp-content\/uploads\/2016\/12\/reuniaoestradaveracel00004.jpg\" alt=\"reuniaoestradaveracel00004\" width=\"650\" height=\"412\" \/><\/a><\/p>\n<p><span style=\"color: #000000;\">M\u00e1rcio Costa ainda comentou que o Deputado Estadual J\u00e2nio Natal vem fazendo apelos importantes para a manuten\u00e7\u00e3o da rodovia, bem como, a liga\u00e7\u00e3o entre os munic\u00edpios de Belmonte e Canavieiras. &#8221; O Governo do Estado est\u00e1 ouvindo os apelos da comunidade e esse documento refor\u00e7ar\u00e1 ainda mais os pedidos que est\u00e3o sendo feitos.&#8221;- Comentou o engenheiro.<\/span><\/p>\n<p><a href=\"http:\/\/www.maisbn.com\/portal\/wp-content\/uploads\/2016\/12\/reuniaoestradaveracel00002.jpg\"><img loading=\"lazy\" decoding=\"async\" class=\"aligncenter size-full wp-image-13428\" src=\"http:\/\/www.maisbn.com\/portal\/wp-content\/uploads\/2016\/12\/reuniaoestradaveracel00002.jpg\" alt=\"reuniaoestradaveracel00002\" width=\"650\" height=\"412\" \/><\/a><\/p>\n<p><span style=\"color: #000000;\">A popula\u00e7\u00e3o belmontense foi representada por Luciano Andrade (Luluca), Dilson Santos e Luis Henrique Monteiro (Chacal). Todos eles deixaram claro que a comunidade continuar\u00e1 lutando para que o Governo do Estado se sensibilize com a situa\u00e7\u00e3o das pessoas que transitam na regi\u00e3o e colocam suas vidas em risco por causa das p\u00e9ssimas condi\u00e7\u00f5es da rodovia.<\/span><\/p>\n<p>&nbsp;<\/p>\n","protected":false},"excerpt":{"rendered":"<p>Na tarde dessa ter\u00e7a-feira (27\/12) ocorreu uma reuni\u00e3o no Hotel Porton\u00e1polis em Eun\u00e1polis. A reuni\u00e3o foi convocada pelo Sr. Pedro Cardoso, Diretor da Veracel e contou com a presen\u00e7a de representantes belmontenses e do engenheiro M\u00e1rcio Costa, representante do DERBA. O assunto tratado foi a recupera\u00e7\u00e3o definitiva da BA-001 que, nesse momento, passa por mais [&hellip;]<\/p>\n","protected":false},"author":7,"featured_media":13425,"comment_status":"open","ping_status":"open","sticky":false,"template":"","format":"standard","meta":{"footnotes":""},"categories":[45,1],"tags":[108],"class_list":["post-13422","post","type-post","status-publish","format-standard","has-post-thumbnail","hentry","category-cidades","category-noticias","tag-belmonte"],"_links":{"self":[{"href":"https:\/\/www.maisbn.com\/portal\/wp-json\/wp\/v2\/posts\/13422","targetHints":{"allow":["GET"]}}],"collection":[{"href":"https:\/\/www.maisbn.com\/portal\/wp-json\/wp\/v2\/posts"}],"about":[{"href":"https:\/\/www.maisbn.com\/portal\/wp-json\/wp\/v2\/types\/post"}],"author":[{"embeddable":true,"href":"https:\/\/www.maisbn.com\/portal\/wp-json\/wp\/v2\/users\/7"}],"replies":[{"embeddable":true,"href":"https:\/\/www.maisbn.com\/portal\/wp-json\/wp\/v2\/comments?post=13422"}],"version-history":[{"count":2,"href":"https:\/\/www.maisbn.com\/portal\/wp-json\/wp\/v2\/posts\/13422\/revisions"}],"predecessor-version":[{"id":13430,"href":"https:\/\/www.maisbn.com\/portal\/wp-json\/wp\/v2\/posts\/13422\/revisions\/13430"}],"wp:featuredmedia":[{"embeddable":true,"href":"https:\/\/www.maisbn.com\/portal\/wp-json\/wp\/v2\/media\/13425"}],"wp:attachment":[{"href":"https:\/\/www.maisbn.com\/portal\/wp-json\/wp\/v2\/media?parent=13422"}],"wp:term":[{"taxonomy":"category","embeddable":true,"href":"https:\/\/www.maisbn.com\/portal\/wp-json\/wp\/v2\/categories?post=13422"},{"taxonomy":"post_tag","embeddable":true,"href":"https:\/\/www.maisbn.com\/portal\/wp-json\/wp\/v2\/tags?post=13422"}],"curies":[{"name":"wp","href":"https:\/\/api.w.org\/{rel}","templated":true}]}}