{"id":13409,"date":"2016-12-26T09:22:23","date_gmt":"2016-12-26T12:22:23","guid":{"rendered":"http:\/\/www.maisbn.com\/portal\/?p=13409"},"modified":"2016-12-26T09:22:23","modified_gmt":"2016-12-26T12:22:23","slug":"santos-da-sinal-verde-e-vitoria-tenta-rodrigao-esta-no-meio-do-processo","status":"publish","type":"post","link":"https:\/\/www.maisbn.com\/portal\/2016\/12\/santos-da-sinal-verde-e-vitoria-tenta-rodrigao-esta-no-meio-do-processo\/","title":{"rendered":"Santos d\u00e1 sinal verde, e Vit\u00f3ria tenta Rodrig\u00e3o: &#8220;Est\u00e1 no meio do processo.&#8221;"},"content":{"rendered":"<p><a href=\"http:\/\/www.maisbn.com\/portal\/wp-content\/uploads\/2016\/05\/Rodrig\u00e3o-contrato-e1464717704697.jpg\"><img loading=\"lazy\" decoding=\"async\" class=\"aligncenter size-full wp-image-11104\" src=\"http:\/\/www.maisbn.com\/portal\/wp-content\/uploads\/2016\/05\/Rodrig\u00e3o-contrato-e1464717704697.jpg\" alt=\"Rodrig\u00e3o-contrato\" width=\"650\" height=\"283\" \/><\/a><\/p>\n<p><span style=\"color: #000000;\">O nome do atacante Rodrig\u00e3o apareceu na lista de jogadores que interessam ao Vit\u00f3ria e que foi vazada de forma acidental pela assessoria do clube na tarde desta quarta-feira. A diretoria do Santos, que det\u00e9m os direitos do atleta, tem interesse no empr\u00e9stimo e sinalizou positivamente ao desejo do Rubro-Negro baiano.\u00a0 <\/span><\/p>\n<p class=\"\"><span style=\"color: #000000;\">A prefer\u00eancia da diretoria santista \u00e9 emprestar o jogador a um clube da S\u00e9rie A. Agora, Rodrig\u00e3o e a comiss\u00e3o t\u00e9cnica da equipe ser\u00e3o consultados para saber se h\u00e1 disponibilidade para que a transa\u00e7\u00e3o aconte\u00e7a.\u00a0 Em contato com a reportagem do GloboEsporte.com, o diretor de futebol do Vit\u00f3ria, Sinval Vieira, confirmou que a negocia\u00e7\u00e3o est\u00e1 em andamento. &#8220;As coisas est\u00e3o andando, mas n\u00e3o est\u00e1 definido. Preciso fechar. A vontade que eu tenho \u00e9 de sair dizendo tudo que est\u00e1 apalavrado, mas n\u00e3o est\u00e1 fechado formalmente. As coisas est\u00e3o acertadas, mas eu fico com receio.&#8221; &#8211; afirmou o dirigente. <\/span><\/p>\n<p class=\"\"><span style=\"color: #000000;\">Al\u00e9m de Rodrig\u00e3o, outros nove nomes aparecem na lista rubro-negra. O atacante do Santos, por\u00e9m, n\u00e3o \u00e9 o que tem situa\u00e7\u00e3o mais adiantada. De acordo com Sinval, h\u00e1 outros atletas est\u00e3o apalavrados com o Vit\u00f3ria. &#8220;Esse [Rodrig\u00e3o] tem detalhes que ainda precisam ser acertados, [detalhes] financeiros. Eu diria que tem outros jogadores com negocia\u00e7\u00e3o mais adiantada, quase fechados. Eu diria que esse est\u00e1 no meio do processo.&#8221; \u2013 concluiu Sinval Vieira.\u00a0 <\/span><\/p>\n<p class=\"\"><span style=\"color: #000000;\">Rodrig\u00e3o se destacou pelo Campinense, chamou a aten\u00e7\u00e3o do Santos e foi contratado em mar\u00e7o. Teve um in\u00edcio muito bom, mas caiu de rendimento. Com a camisa do Peixe, disputou 19 partidas e marcou quatro gols.<\/span><\/p>\n<p class=\"\"><span style=\"color: #000000;\"><strong>Confira abaixo a lista dos dez jogadores que interessam ao Vit\u00f3ria.<\/strong><\/span><\/p>\n<p><span style=\"color: #000000;\"><em>Lateral-esquerdo: Marquinhos Pedroso (Figueirense) e Gefferson (Internacional) <\/em><\/span><\/p>\n<p class=\"\"><span style=\"color: #000000;\"><em>Zagueiros: Neris (Santa Cruz), Alan Costa (Internacional), Luc\u00e3o (S\u00e3o Paulo), Werley (Figueirense) e Fred (Gr\u00eamio) <\/em><\/span><\/p>\n<p class=\"\"><span style=\"color: #000000;\"><em>Meia: Cleiton Xavier (Palmeiras) <\/em><\/span><\/p>\n<p class=\"\"><em><span style=\"color: #000000;\">Atacantes: Rodrig\u00e3o (Santos) e Ariel (Internacional)<\/span> <\/em><\/p>\n<p class=\"\">Informa\u00e7\u00f5es: Globoesporte.com<\/p>\n","protected":false},"excerpt":{"rendered":"<p>O nome do atacante Rodrig\u00e3o apareceu na lista de jogadores que interessam ao Vit\u00f3ria e que foi vazada de forma acidental pela assessoria do clube na tarde desta quarta-feira. A diretoria do Santos, que det\u00e9m os direitos do atleta, tem interesse no empr\u00e9stimo e sinalizou positivamente ao desejo do Rubro-Negro baiano.\u00a0 A prefer\u00eancia da diretoria [&hellip;]<\/p>\n","protected":false},"author":7,"featured_media":11104,"comment_status":"open","ping_status":"open","sticky":false,"template":"","format":"standard","meta":{"footnotes":""},"categories":[10,1],"tags":[108],"class_list":["post-13409","post","type-post","status-publish","format-standard","has-post-thumbnail","hentry","category-esporte","category-noticias","tag-belmonte"],"_links":{"self":[{"href":"https:\/\/www.maisbn.com\/portal\/wp-json\/wp\/v2\/posts\/13409","targetHints":{"allow":["GET"]}}],"collection":[{"href":"https:\/\/www.maisbn.com\/portal\/wp-json\/wp\/v2\/posts"}],"about":[{"href":"https:\/\/www.maisbn.com\/portal\/wp-json\/wp\/v2\/types\/post"}],"author":[{"embeddable":true,"href":"https:\/\/www.maisbn.com\/portal\/wp-json\/wp\/v2\/users\/7"}],"replies":[{"embeddable":true,"href":"https:\/\/www.maisbn.com\/portal\/wp-json\/wp\/v2\/comments?post=13409"}],"version-history":[{"count":1,"href":"https:\/\/www.maisbn.com\/portal\/wp-json\/wp\/v2\/posts\/13409\/revisions"}],"predecessor-version":[{"id":13410,"href":"https:\/\/www.maisbn.com\/portal\/wp-json\/wp\/v2\/posts\/13409\/revisions\/13410"}],"wp:featuredmedia":[{"embeddable":true,"href":"https:\/\/www.maisbn.com\/portal\/wp-json\/wp\/v2\/media\/11104"}],"wp:attachment":[{"href":"https:\/\/www.maisbn.com\/portal\/wp-json\/wp\/v2\/media?parent=13409"}],"wp:term":[{"taxonomy":"category","embeddable":true,"href":"https:\/\/www.maisbn.com\/portal\/wp-json\/wp\/v2\/categories?post=13409"},{"taxonomy":"post_tag","embeddable":true,"href":"https:\/\/www.maisbn.com\/portal\/wp-json\/wp\/v2\/tags?post=13409"}],"curies":[{"name":"wp","href":"https:\/\/api.w.org\/{rel}","templated":true}]}}