{"id":13388,"date":"2016-12-24T18:29:30","date_gmt":"2016-12-24T21:29:30","guid":{"rendered":"http:\/\/www.maisbn.com\/portal\/?p=13388"},"modified":"2016-12-24T18:29:30","modified_gmt":"2016-12-24T21:29:30","slug":"futura-gestao-revela-quem-sera-o-novo-secretario-municipal-de-educacao-em-belmonte","status":"publish","type":"post","link":"https:\/\/www.maisbn.com\/portal\/2016\/12\/futura-gestao-revela-quem-sera-o-novo-secretario-municipal-de-educacao-em-belmonte\/","title":{"rendered":"Futura gest\u00e3o revela quem ser\u00e1 o novo Secret\u00e1rio Municipal de Educa\u00e7\u00e3o em Belmonte."},"content":{"rendered":"<p><a href=\"http:\/\/www.maisbn.com\/portal\/wp-content\/uploads\/2016\/12\/secretarioEducacao00001.jpg\"><img loading=\"lazy\" decoding=\"async\" class=\"aligncenter size-full wp-image-13389\" src=\"http:\/\/www.maisbn.com\/portal\/wp-content\/uploads\/2016\/12\/secretarioEducacao00001.jpg\" alt=\"secretarioeducacao00001\" width=\"650\" height=\"412\" \/><\/a><\/p>\n<p><span style=\"color: #000000;\">A futura gest\u00e3o da Prefeitura Municipal de Belmonte apresentou mais um integrante que far\u00e1 parte do primeiro escal\u00e3o do Governo Municipal. Estamos falando da divulga\u00e7\u00e3o do nome do Advogado especialista em Gest\u00e3o Escolar, Paulo Santos de Carvalho que ocupar\u00e1 o comando da Secretaria Municipal de Educa\u00e7\u00e3o a partir de Janeiro de 2017.<\/span><\/p>\n<p><span style=\"color: #000000;\">Paulo j\u00e1 atuou como Secret\u00e1rio Municipal de Educa\u00e7\u00e3o do Munic\u00edpio de Itabela onde comandou v\u00e1rias a\u00e7\u00f5es e programas naquele munic\u00edpio. O futuro gestor da educa\u00e7\u00e3o belmontense possui forma\u00e7\u00e3o em Gest\u00e3o Educacional, tutor do programa forma\u00e7\u00e3o pela escola FNDE\/MEC, professor \u00a0n\u00edvel III, relator da comiss\u00e3o permanente do plano de carreira e estatuto do magist\u00e9rio\u00a0e \u00e9\u00a0formado em direito.<\/span><\/p>\n<p><span style=\"color: #000000;\">Os profissionais da educa\u00e7\u00e3o do munic\u00edpio de Itabela contactados pela nossa equipe avaliaram bem a gest\u00e3o de Paulo Carvalho na cidade citada. Eles comentaram que o mesmo tem um grande interesse pelas quest\u00f5es educacionais e \u00e9 uma pessoa aberta ao di\u00e1logo com todos. Profissionais da Educa\u00e7\u00e3o belmontense, tamb\u00e9m abordados por nossa equipe, comentaram que esperam que o novo secret\u00e1rio venha para somar e desejaram ao mesmo muito sucesso nessa nova miss\u00e3o.<\/span><\/p>\n","protected":false},"excerpt":{"rendered":"<p>A futura gest\u00e3o da Prefeitura Municipal de Belmonte apresentou mais um integrante que far\u00e1 parte do primeiro escal\u00e3o do Governo Municipal. Estamos falando da divulga\u00e7\u00e3o do nome do Advogado especialista em Gest\u00e3o Escolar, Paulo Santos de Carvalho que ocupar\u00e1 o comando da Secretaria Municipal de Educa\u00e7\u00e3o a partir de Janeiro de 2017. Paulo j\u00e1 atuou [&hellip;]<\/p>\n","protected":false},"author":7,"featured_media":13389,"comment_status":"open","ping_status":"open","sticky":false,"template":"","format":"standard","meta":{"footnotes":""},"categories":[8,1],"tags":[108],"class_list":["post-13388","post","type-post","status-publish","format-standard","has-post-thumbnail","hentry","category-educacao","category-noticias","tag-belmonte"],"_links":{"self":[{"href":"https:\/\/www.maisbn.com\/portal\/wp-json\/wp\/v2\/posts\/13388","targetHints":{"allow":["GET"]}}],"collection":[{"href":"https:\/\/www.maisbn.com\/portal\/wp-json\/wp\/v2\/posts"}],"about":[{"href":"https:\/\/www.maisbn.com\/portal\/wp-json\/wp\/v2\/types\/post"}],"author":[{"embeddable":true,"href":"https:\/\/www.maisbn.com\/portal\/wp-json\/wp\/v2\/users\/7"}],"replies":[{"embeddable":true,"href":"https:\/\/www.maisbn.com\/portal\/wp-json\/wp\/v2\/comments?post=13388"}],"version-history":[{"count":1,"href":"https:\/\/www.maisbn.com\/portal\/wp-json\/wp\/v2\/posts\/13388\/revisions"}],"predecessor-version":[{"id":13390,"href":"https:\/\/www.maisbn.com\/portal\/wp-json\/wp\/v2\/posts\/13388\/revisions\/13390"}],"wp:featuredmedia":[{"embeddable":true,"href":"https:\/\/www.maisbn.com\/portal\/wp-json\/wp\/v2\/media\/13389"}],"wp:attachment":[{"href":"https:\/\/www.maisbn.com\/portal\/wp-json\/wp\/v2\/media?parent=13388"}],"wp:term":[{"taxonomy":"category","embeddable":true,"href":"https:\/\/www.maisbn.com\/portal\/wp-json\/wp\/v2\/categories?post=13388"},{"taxonomy":"post_tag","embeddable":true,"href":"https:\/\/www.maisbn.com\/portal\/wp-json\/wp\/v2\/tags?post=13388"}],"curies":[{"name":"wp","href":"https:\/\/api.w.org\/{rel}","templated":true}]}}