{"id":13376,"date":"2016-12-23T19:17:55","date_gmt":"2016-12-23T22:17:55","guid":{"rendered":"http:\/\/www.maisbn.com\/portal\/?p=13376"},"modified":"2016-12-23T19:17:55","modified_gmt":"2016-12-23T22:17:55","slug":"posse-de-janio-e-janival-sera-dia-1-de-janeiro","status":"publish","type":"post","link":"https:\/\/www.maisbn.com\/portal\/2016\/12\/posse-de-janio-e-janival-sera-dia-1-de-janeiro\/","title":{"rendered":"POSSE DE J\u00c2NIO E JANIVAL SER\u00c1 DIA 1 DE JANEIRO."},"content":{"rendered":"<p><a href=\"http:\/\/www.maisbn.com\/portal\/wp-content\/uploads\/2016\/07\/janioejanival00187.jpg\"><img loading=\"lazy\" decoding=\"async\" class=\"size-full wp-image-11843\" src=\"http:\/\/www.maisbn.com\/portal\/wp-content\/uploads\/2016\/07\/janioejanival00187.jpg\" alt=\"Votos Janistas permaneceriam os mesmos independente do candidato.\" width=\"650\" height=\"412\" \/><\/a><\/p>\n<p><span style=\"color: #000000;\">Mais uma vez, J\u00e2nio Natal cria uma novidade dentro da pol\u00edtica!<\/span><\/p>\n<p><span style=\"color: #000000;\">Pela primeira vez no Brasil, ser\u00e1 realizada a posse dos eleitos do executivo e legislativo num hor\u00e1rio totalmente diferente de todo o resto do Pa\u00eds. A posse em Belmonte est\u00e1 marcada na C\u00e2mara Municipal, \u00e0s 00:01h, ou seja; zero hora e um minuto do dia primeiro, praticamente, na virada do ano. Para que houvesse essa mudan\u00e7a foi necess\u00e1rio mudar o Regimento Interno da C\u00e2mara Municipal. Antes, o hor\u00e1rio era 10h, do dia primeiro.<\/span><\/p>\n","protected":false},"excerpt":{"rendered":"<p>Mais uma vez, J\u00e2nio Natal cria uma novidade dentro da pol\u00edtica! Pela primeira vez no Brasil, ser\u00e1 realizada a posse dos eleitos do executivo e legislativo num hor\u00e1rio totalmente diferente de todo o resto do Pa\u00eds. A posse em Belmonte est\u00e1 marcada na C\u00e2mara Municipal, \u00e0s 00:01h, ou seja; zero hora e um minuto do [&hellip;]<\/p>\n","protected":false},"author":7,"featured_media":11843,"comment_status":"open","ping_status":"open","sticky":false,"template":"","format":"standard","meta":{"footnotes":""},"categories":[1,7],"tags":[108],"class_list":["post-13376","post","type-post","status-publish","format-standard","has-post-thumbnail","hentry","category-noticias","category-politica","tag-belmonte"],"_links":{"self":[{"href":"https:\/\/www.maisbn.com\/portal\/wp-json\/wp\/v2\/posts\/13376","targetHints":{"allow":["GET"]}}],"collection":[{"href":"https:\/\/www.maisbn.com\/portal\/wp-json\/wp\/v2\/posts"}],"about":[{"href":"https:\/\/www.maisbn.com\/portal\/wp-json\/wp\/v2\/types\/post"}],"author":[{"embeddable":true,"href":"https:\/\/www.maisbn.com\/portal\/wp-json\/wp\/v2\/users\/7"}],"replies":[{"embeddable":true,"href":"https:\/\/www.maisbn.com\/portal\/wp-json\/wp\/v2\/comments?post=13376"}],"version-history":[{"count":1,"href":"https:\/\/www.maisbn.com\/portal\/wp-json\/wp\/v2\/posts\/13376\/revisions"}],"predecessor-version":[{"id":13377,"href":"https:\/\/www.maisbn.com\/portal\/wp-json\/wp\/v2\/posts\/13376\/revisions\/13377"}],"wp:featuredmedia":[{"embeddable":true,"href":"https:\/\/www.maisbn.com\/portal\/wp-json\/wp\/v2\/media\/11843"}],"wp:attachment":[{"href":"https:\/\/www.maisbn.com\/portal\/wp-json\/wp\/v2\/media?parent=13376"}],"wp:term":[{"taxonomy":"category","embeddable":true,"href":"https:\/\/www.maisbn.com\/portal\/wp-json\/wp\/v2\/categories?post=13376"},{"taxonomy":"post_tag","embeddable":true,"href":"https:\/\/www.maisbn.com\/portal\/wp-json\/wp\/v2\/tags?post=13376"}],"curies":[{"name":"wp","href":"https:\/\/api.w.org\/{rel}","templated":true}]}}