{"id":13373,"date":"2016-12-23T14:19:14","date_gmt":"2016-12-23T17:19:14","guid":{"rendered":"http:\/\/www.maisbn.com\/portal\/?p=13373"},"modified":"2016-12-23T14:19:14","modified_gmt":"2016-12-23T17:19:14","slug":"santos-pretende-emprestar-rodrigao-e-e-procurado-por-vitoria-e-sport","status":"publish","type":"post","link":"https:\/\/www.maisbn.com\/portal\/2016\/12\/santos-pretende-emprestar-rodrigao-e-e-procurado-por-vitoria-e-sport\/","title":{"rendered":"Santos pretende emprestar Rodrig\u00e3o e \u00e9 procurado por Vit\u00f3ria e Sport."},"content":{"rendered":"<p><a href=\"http:\/\/www.maisbn.com\/portal\/wp-content\/uploads\/2016\/05\/Rodrig\u00e3o-contrato-e1464717704697.jpg\"><img loading=\"lazy\" decoding=\"async\" class=\"aligncenter size-full wp-image-11104\" src=\"http:\/\/www.maisbn.com\/portal\/wp-content\/uploads\/2016\/05\/Rodrig\u00e3o-contrato-e1464717704697.jpg\" alt=\"Rodrig\u00e3o-contrato\" width=\"650\" height=\"283\" \/><\/a><\/p>\n<p><span style=\"color: #000000;\">O Santos tem interesse em emprestar o atacante Rodrig\u00e3o para a pr\u00f3xima temporada e j\u00e1 foi procurado por Vit\u00f3ria e Sport. No entanto, nenhum dos dois clubes j\u00e1 fez uma proposta oficial para contar com o centroavante de 23 anos. O nome de Rodrig\u00e3o estava na lista de poss\u00edveis refor\u00e7os do Vit\u00f3ria que acabou vazada em uma foto publicada pelo pr\u00f3prio clube. Al\u00e9m do centroavante do Peixe, havia outros nove jogadores.<\/span><\/p>\n<p><span style=\"color: #000000;\">Rodrig\u00e3o foi contratado pelo Santos em mar\u00e7o deste ano, ap\u00f3s se destacar pelo Campinense. O jogador \u00e9 o reserva imediato de Ricardo Oliveira, atuou em 19 partidas e marcou quatro gols. Tanto a diretoria quanto a comiss\u00e3o t\u00e9cnica do Santos acreditam que Rodrig\u00e3o ainda precisa de mais experi\u00eancia. Por isso, o Peixe pretende emprest\u00e1-lo a algum outro clube em 2017.<\/span><\/p>\n<p><span style=\"color: #000000;\">Independentemente da perman\u00eancia de Rodrig\u00e3o, o Peixe j\u00e1 busca um novo centroavante. Al\u00e9m disso, a diretoria alvinegra tamb\u00e9m quer mais dois atacantes que atuem pelos lados do campo.<\/span><\/p>\n","protected":false},"excerpt":{"rendered":"<p>O Santos tem interesse em emprestar o atacante Rodrig\u00e3o para a pr\u00f3xima temporada e j\u00e1 foi procurado por Vit\u00f3ria e Sport. No entanto, nenhum dos dois clubes j\u00e1 fez uma proposta oficial para contar com o centroavante de 23 anos. O nome de Rodrig\u00e3o estava na lista de poss\u00edveis refor\u00e7os do Vit\u00f3ria que acabou vazada [&hellip;]<\/p>\n","protected":false},"author":7,"featured_media":11104,"comment_status":"open","ping_status":"open","sticky":false,"template":"","format":"standard","meta":{"footnotes":""},"categories":[10,1],"tags":[108],"class_list":["post-13373","post","type-post","status-publish","format-standard","has-post-thumbnail","hentry","category-esporte","category-noticias","tag-belmonte"],"_links":{"self":[{"href":"https:\/\/www.maisbn.com\/portal\/wp-json\/wp\/v2\/posts\/13373","targetHints":{"allow":["GET"]}}],"collection":[{"href":"https:\/\/www.maisbn.com\/portal\/wp-json\/wp\/v2\/posts"}],"about":[{"href":"https:\/\/www.maisbn.com\/portal\/wp-json\/wp\/v2\/types\/post"}],"author":[{"embeddable":true,"href":"https:\/\/www.maisbn.com\/portal\/wp-json\/wp\/v2\/users\/7"}],"replies":[{"embeddable":true,"href":"https:\/\/www.maisbn.com\/portal\/wp-json\/wp\/v2\/comments?post=13373"}],"version-history":[{"count":1,"href":"https:\/\/www.maisbn.com\/portal\/wp-json\/wp\/v2\/posts\/13373\/revisions"}],"predecessor-version":[{"id":13374,"href":"https:\/\/www.maisbn.com\/portal\/wp-json\/wp\/v2\/posts\/13373\/revisions\/13374"}],"wp:featuredmedia":[{"embeddable":true,"href":"https:\/\/www.maisbn.com\/portal\/wp-json\/wp\/v2\/media\/11104"}],"wp:attachment":[{"href":"https:\/\/www.maisbn.com\/portal\/wp-json\/wp\/v2\/media?parent=13373"}],"wp:term":[{"taxonomy":"category","embeddable":true,"href":"https:\/\/www.maisbn.com\/portal\/wp-json\/wp\/v2\/categories?post=13373"},{"taxonomy":"post_tag","embeddable":true,"href":"https:\/\/www.maisbn.com\/portal\/wp-json\/wp\/v2\/tags?post=13373"}],"curies":[{"name":"wp","href":"https:\/\/api.w.org\/{rel}","templated":true}]}}