{"id":13367,"date":"2016-12-23T14:04:19","date_gmt":"2016-12-23T17:04:19","guid":{"rendered":"http:\/\/www.maisbn.com\/portal\/?p=13367"},"modified":"2016-12-23T14:05:54","modified_gmt":"2016-12-23T17:05:54","slug":"homenagem-a-professora-lindinea-encerra-o-ano-letivo-do-colegio-polivalente-de-belmonte","status":"publish","type":"post","link":"https:\/\/www.maisbn.com\/portal\/2016\/12\/homenagem-a-professora-lindinea-encerra-o-ano-letivo-do-colegio-polivalente-de-belmonte\/","title":{"rendered":"Homenagem \u00e0 professora Lindin\u00e9a encerra o ano letivo do col\u00e9gio Polivalente de Belmonte."},"content":{"rendered":"<p><a href=\"http:\/\/www.maisbn.com\/portal\/wp-content\/uploads\/2016\/12\/encerramentopolivalentel00001.jpg\"><img loading=\"lazy\" decoding=\"async\" class=\"aligncenter size-full wp-image-13368\" src=\"http:\/\/www.maisbn.com\/portal\/wp-content\/uploads\/2016\/12\/encerramentopolivalentel00001.jpg\" alt=\"encerramentopolivalentel00001\" width=\"650\" height=\"412\" \/><\/a><\/p>\n<p><span style=\"color: #000000;\">O Col\u00e9gio Estadual Polivalente de Belmonte encerrou o seu ano letivo nessa quinta-feira (22\/12) em um clima de confraterniza\u00e7\u00e3o do corpo docente e dos funcion\u00e1rios de apoio que atuam na unidade escolar. As atividades foram encerradas logo ap\u00f3s o Conselho de Classe da escola onde um delicioso almo\u00e7o foi servido a todos os presentes.<\/span><\/p>\n<p><span style=\"color: #000000;\"><a style=\"color: #000000;\" href=\"http:\/\/www.maisbn.com\/portal\/wp-content\/uploads\/2016\/12\/encerramentopolivalentel00002.jpg\"><img loading=\"lazy\" decoding=\"async\" class=\"aligncenter size-full wp-image-13369\" src=\"http:\/\/www.maisbn.com\/portal\/wp-content\/uploads\/2016\/12\/encerramentopolivalentel00002.jpg\" alt=\"encerramentopolivalentel00002\" width=\"650\" height=\"412\" \/><\/a><\/span><\/p>\n<p><span style=\"color: #000000;\">Em conversa com nossa equipe o Vice-diretor Alexandre Magnavitta comentou que a unidade passou por um ano de muitas lutas, mas tamb\u00e9m de muitos projetos realizados. Ainda durante o almo\u00e7o os professores prestaram uma pequena homenagem a Professora Lindin\u00e9a Souza Dias, que est\u00e1 afastada de sala de aula devido a problemas de sa\u00fade. &#8220;Aproveitamos para homenagear de forma especial nossa querida professora Lindin\u00e9a Dias, que por motivo de for\u00e7a maior, n\u00e3o p\u00f4de terminar o ano letivo juntamente conosco, mas torcemos para que nossa colega supere suas dificuldades e possa estar novamente com a gente no pr\u00f3ximo ano.&#8221; &#8211; Finalizou Alexandre.<\/span><\/p>\n<p><span style=\"color: #000000;\"><a style=\"color: #000000;\" href=\"http:\/\/www.maisbn.com\/portal\/wp-content\/uploads\/2016\/12\/encerramentopolivalentel00004.jpg\"><img loading=\"lazy\" decoding=\"async\" class=\"aligncenter size-full wp-image-13370\" src=\"http:\/\/www.maisbn.com\/portal\/wp-content\/uploads\/2016\/12\/encerramentopolivalentel00004.jpg\" alt=\"encerramentopolivalentel00004\" width=\"650\" height=\"412\" \/><\/a><\/span><\/p>\n<p><span style=\"color: #000000;\">Professores e funcion\u00e1rios encerraram as atividades desejando um Feliz Natal a todos e que 2017 seja um ano pr\u00f3spero para toda a comunidade belmontense.<\/span><\/p>\n","protected":false},"excerpt":{"rendered":"<p>O Col\u00e9gio Estadual Polivalente de Belmonte encerrou o seu ano letivo nessa quinta-feira (22\/12) em um clima de confraterniza\u00e7\u00e3o do corpo docente e dos funcion\u00e1rios de apoio que atuam na unidade escolar. As atividades foram encerradas logo ap\u00f3s o Conselho de Classe da escola onde um delicioso almo\u00e7o foi servido a todos os presentes. Em [&hellip;]<\/p>\n","protected":false},"author":7,"featured_media":13371,"comment_status":"open","ping_status":"open","sticky":false,"template":"","format":"standard","meta":{"footnotes":""},"categories":[8,1],"tags":[108],"class_list":["post-13367","post","type-post","status-publish","format-standard","has-post-thumbnail","hentry","category-educacao","category-noticias","tag-belmonte"],"_links":{"self":[{"href":"https:\/\/www.maisbn.com\/portal\/wp-json\/wp\/v2\/posts\/13367","targetHints":{"allow":["GET"]}}],"collection":[{"href":"https:\/\/www.maisbn.com\/portal\/wp-json\/wp\/v2\/posts"}],"about":[{"href":"https:\/\/www.maisbn.com\/portal\/wp-json\/wp\/v2\/types\/post"}],"author":[{"embeddable":true,"href":"https:\/\/www.maisbn.com\/portal\/wp-json\/wp\/v2\/users\/7"}],"replies":[{"embeddable":true,"href":"https:\/\/www.maisbn.com\/portal\/wp-json\/wp\/v2\/comments?post=13367"}],"version-history":[{"count":1,"href":"https:\/\/www.maisbn.com\/portal\/wp-json\/wp\/v2\/posts\/13367\/revisions"}],"predecessor-version":[{"id":13372,"href":"https:\/\/www.maisbn.com\/portal\/wp-json\/wp\/v2\/posts\/13367\/revisions\/13372"}],"wp:featuredmedia":[{"embeddable":true,"href":"https:\/\/www.maisbn.com\/portal\/wp-json\/wp\/v2\/media\/13371"}],"wp:attachment":[{"href":"https:\/\/www.maisbn.com\/portal\/wp-json\/wp\/v2\/media?parent=13367"}],"wp:term":[{"taxonomy":"category","embeddable":true,"href":"https:\/\/www.maisbn.com\/portal\/wp-json\/wp\/v2\/categories?post=13367"},{"taxonomy":"post_tag","embeddable":true,"href":"https:\/\/www.maisbn.com\/portal\/wp-json\/wp\/v2\/tags?post=13367"}],"curies":[{"name":"wp","href":"https:\/\/api.w.org\/{rel}","templated":true}]}}